{"id":4902,"date":"2019-06-28T12:07:33","date_gmt":"2019-06-28T16:07:33","guid":{"rendered":"https:\/\/capri-matique.com\/client\/aprfae5\/?p=4902"},"modified":"2019-06-28T12:07:33","modified_gmt":"2019-06-28T16:07:33","slug":"hommage-a-mme-joanne-bertrand","status":"publish","type":"post","link":"https:\/\/www.capri-matique.com\/client\/aprfae5\/hommage-a-mme-joanne-bertrand\/","title":{"rendered":"Hommage \u00e0 Mme Joanne Bertrand"},"content":{"rendered":"<p>Vice-pr\u00e9sidente au secr\u00e9tariat et \u00e0 la tr\u00e9sorerie de la FAE depuis plusieurs ann\u00e9es, Mme Joanne Bertrand a annonc\u00e9 qu&#8217;elle ne se repr\u00e9sentera pas aux \u00e9lections qui auront lieu \u00e0 la fin du mois de juin. Mme Bertrand a jou\u00e9 un r\u00f4le majeur dans le d\u00e9veloppement de l\u2019Association dont elle \u00e9tait la responsable politique. Son implication aura notamment permis \u00e0 l&#8217;APRFAE de mettre en place son\u00a0 propre r\u00e9gime d\u2019assurance collective. C\u2019est avec un pincement au c\u0153ur que le conseil d\u2019administration lui a rendu hommage, le 18 juin dernier, en lui remettant un tableau command\u00e9 sp\u00e9cialement pour l&#8217;occasion et r\u00e9alis\u00e9 par une aquarelliste, membre associ\u00e9e de l\u2019APRFAE. Apr\u00e8s des ann\u00e9es mouvement\u00e9es au sein de l\u2019ex\u00e9cutif de la F\u00e9d\u00e9ration, nous lui souhaitons bonne continuit\u00e9 et un bon retour en classe. Et parions que Mme Bertrand ne tardera pas \u00e0 rejoindre bient\u00f4t les rangs de notre Association!<\/p>\n","protected":false},"excerpt":{"rendered":"<p>Vice-pr\u00e9sidente au secr\u00e9tariat et \u00e0 la tr\u00e9sorerie de la FAE depuis plusieurs ann\u00e9es, Mme Joanne Bertrand a annonc\u00e9 qu&#8217;elle ne se repr\u00e9sentera pas aux \u00e9lections qui auront lieu \u00e0 la fin du mois de juin. Mme Bertrand a jou\u00e9 un r\u00f4le majeur dans le d\u00e9veloppement de l\u2019Association dont elle \u00e9tait la responsable politique. Son implication &hellip;<\/p>\n","protected":false},"author":2,"featured_media":0,"comment_status":"closed","ping_status":"open","sticky":false,"template":"","format":"standard","meta":{"footnotes":""},"categories":[1],"tags":[],"class_list":["post-4902","post","type-post","status-publish","format-standard","hentry","category-uncategorized"],"yoast_head":"<!-- This site is optimized with the Yoast SEO plugin v17.3 - https:\/\/yoast.com\/wordpress\/plugins\/seo\/ -->\n<title>Hommage \u00e0 Mme Joanne Bertrand - Association de personnes retrait\u00e9es de la FAE<\/title>\n<meta name=\"robots\" content=\"noindex, follow, max-snippet:-1, max-image-preview:large, max-video-preview:-1\" \/>\n<meta property=\"og:locale\" content=\"fr_FR\" \/>\n<meta property=\"og:type\" content=\"article\" \/>\n<meta property=\"og:title\" content=\"Hommage \u00e0 Mme Joanne Bertrand - Association de personnes retrait\u00e9es de la FAE\" \/>\n<meta property=\"og:description\" content=\"Vice-pr\u00e9sidente au secr\u00e9tariat et \u00e0 la tr\u00e9sorerie de la FAE depuis plusieurs ann\u00e9es, Mme Joanne Bertrand a annonc\u00e9 qu&#8217;elle ne se repr\u00e9sentera pas aux \u00e9lections qui auront lieu \u00e0 la fin du mois de juin. Mme Bertrand a jou\u00e9 un r\u00f4le majeur dans le d\u00e9veloppement de l\u2019Association dont elle \u00e9tait la responsable politique. Son implication &hellip;\" \/>\n<meta property=\"og:url\" content=\"https:\/\/www.capri-matique.com\/client\/aprfae5\/hommage-a-mme-joanne-bertrand\/\" \/>\n<meta property=\"og:site_name\" content=\"Association de personnes retrait\u00e9es de la FAE\" \/>\n<meta property=\"article:published_time\" content=\"2019-06-28T16:07:33+00:00\" \/>\n<meta name=\"twitter:card\" content=\"summary\" \/>\n<meta name=\"twitter:label1\" content=\"\u00c9crit par\" \/>\n\t<meta name=\"twitter:data1\" content=\"Chantal Couture\" \/>\n\t<meta name=\"twitter:label2\" content=\"Dur\u00e9e de lecture estim\u00e9e\" \/>\n\t<meta name=\"twitter:data2\" content=\"1 minute\" \/>\n<script type=\"application\/ld+json\" class=\"yoast-schema-graph\">{\"@context\":\"https:\/\/schema.org\",\"@graph\":[{\"@type\":\"WebSite\",\"@id\":\"https:\/\/www.capri-matique.com\/client\/aprfae5\/#website\",\"url\":\"https:\/\/www.capri-matique.com\/client\/aprfae5\/\",\"name\":\"Association de personnes retrait\\u00e9es de la FAE\",\"description\":\"L&#039;association qui nous unit\",\"potentialAction\":[{\"@type\":\"SearchAction\",\"target\":{\"@type\":\"EntryPoint\",\"urlTemplate\":\"https:\/\/www.capri-matique.com\/client\/aprfae5\/?s={search_term_string}\"},\"query-input\":\"required name=search_term_string\"}],\"inLanguage\":\"fr-FR\"},{\"@type\":\"WebPage\",\"@id\":\"https:\/\/www.capri-matique.com\/client\/aprfae5\/hommage-a-mme-joanne-bertrand\/#webpage\",\"url\":\"https:\/\/www.capri-matique.com\/client\/aprfae5\/hommage-a-mme-joanne-bertrand\/\",\"name\":\"Hommage \\u00e0 Mme Joanne Bertrand - Association de personnes retrait\\u00e9es de la FAE\",\"isPartOf\":{\"@id\":\"https:\/\/www.capri-matique.com\/client\/aprfae5\/#website\"},\"datePublished\":\"2019-06-28T16:07:33+00:00\",\"dateModified\":\"2019-06-28T16:07:33+00:00\",\"author\":{\"@id\":\"https:\/\/www.capri-matique.com\/client\/aprfae5\/#\/schema\/person\/d49ddfd2ee6ceb42ef2fbcdda1753954\"},\"breadcrumb\":{\"@id\":\"https:\/\/www.capri-matique.com\/client\/aprfae5\/hommage-a-mme-joanne-bertrand\/#breadcrumb\"},\"inLanguage\":\"fr-FR\",\"potentialAction\":[{\"@type\":\"ReadAction\",\"target\":[\"https:\/\/www.capri-matique.com\/client\/aprfae5\/hommage-a-mme-joanne-bertrand\/\"]}]},{\"@type\":\"BreadcrumbList\",\"@id\":\"https:\/\/www.capri-matique.com\/client\/aprfae5\/hommage-a-mme-joanne-bertrand\/#breadcrumb\",\"itemListElement\":[{\"@type\":\"ListItem\",\"position\":1,\"name\":\"Accueil\",\"item\":\"https:\/\/www.capri-matique.com\/client\/aprfae5\/\"},{\"@type\":\"ListItem\",\"position\":2,\"name\":\"Hommage \\u00e0 Mme Joanne Bertrand\"}]},{\"@type\":\"Person\",\"@id\":\"https:\/\/www.capri-matique.com\/client\/aprfae5\/#\/schema\/person\/d49ddfd2ee6ceb42ef2fbcdda1753954\",\"name\":\"Chantal Couture\",\"url\":\"https:\/\/www.capri-matique.com\/client\/aprfae5\/author\/chantal-couture\/\"}]}<\/script>\n<!-- \/ Yoast SEO plugin. -->","yoast_head_json":{"title":"Hommage \u00e0 Mme Joanne Bertrand - Association de personnes retrait\u00e9es de la FAE","robots":{"index":"noindex","follow":"follow","max-snippet":"max-snippet:-1","max-image-preview":"max-image-preview:large","max-video-preview":"max-video-preview:-1"},"og_locale":"fr_FR","og_type":"article","og_title":"Hommage \u00e0 Mme Joanne Bertrand - Association de personnes retrait\u00e9es de la FAE","og_description":"Vice-pr\u00e9sidente au secr\u00e9tariat et \u00e0 la tr\u00e9sorerie de la FAE depuis plusieurs ann\u00e9es, Mme Joanne Bertrand a annonc\u00e9 qu&#8217;elle ne se repr\u00e9sentera pas aux \u00e9lections qui auront lieu \u00e0 la fin du mois de juin. Mme Bertrand a jou\u00e9 un r\u00f4le majeur dans le d\u00e9veloppement de l\u2019Association dont elle \u00e9tait la responsable politique. Son implication &hellip;","og_url":"https:\/\/www.capri-matique.com\/client\/aprfae5\/hommage-a-mme-joanne-bertrand\/","og_site_name":"Association de personnes retrait\u00e9es de la FAE","article_published_time":"2019-06-28T16:07:33+00:00","twitter_card":"summary","twitter_misc":{"\u00c9crit par":"Chantal Couture","Dur\u00e9e de lecture estim\u00e9e":"1 minute"},"schema":{"@context":"https:\/\/schema.org","@graph":[{"@type":"WebSite","@id":"https:\/\/www.capri-matique.com\/client\/aprfae5\/#website","url":"https:\/\/www.capri-matique.com\/client\/aprfae5\/","name":"Association de personnes retrait\u00e9es de la FAE","description":"L&#039;association qui nous unit","potentialAction":[{"@type":"SearchAction","target":{"@type":"EntryPoint","urlTemplate":"https:\/\/www.capri-matique.com\/client\/aprfae5\/?s={search_term_string}"},"query-input":"required name=search_term_string"}],"inLanguage":"fr-FR"},{"@type":"WebPage","@id":"https:\/\/www.capri-matique.com\/client\/aprfae5\/hommage-a-mme-joanne-bertrand\/#webpage","url":"https:\/\/www.capri-matique.com\/client\/aprfae5\/hommage-a-mme-joanne-bertrand\/","name":"Hommage \u00e0 Mme Joanne Bertrand - Association de personnes retrait\u00e9es de la FAE","isPartOf":{"@id":"https:\/\/www.capri-matique.com\/client\/aprfae5\/#website"},"datePublished":"2019-06-28T16:07:33+00:00","dateModified":"2019-06-28T16:07:33+00:00","author":{"@id":"https:\/\/www.capri-matique.com\/client\/aprfae5\/#\/schema\/person\/d49ddfd2ee6ceb42ef2fbcdda1753954"},"breadcrumb":{"@id":"https:\/\/www.capri-matique.com\/client\/aprfae5\/hommage-a-mme-joanne-bertrand\/#breadcrumb"},"inLanguage":"fr-FR","potentialAction":[{"@type":"ReadAction","target":["https:\/\/www.capri-matique.com\/client\/aprfae5\/hommage-a-mme-joanne-bertrand\/"]}]},{"@type":"BreadcrumbList","@id":"https:\/\/www.capri-matique.com\/client\/aprfae5\/hommage-a-mme-joanne-bertrand\/#breadcrumb","itemListElement":[{"@type":"ListItem","position":1,"name":"Accueil","item":"https:\/\/www.capri-matique.com\/client\/aprfae5\/"},{"@type":"ListItem","position":2,"name":"Hommage \u00e0 Mme Joanne Bertrand"}]},{"@type":"Person","@id":"https:\/\/www.capri-matique.com\/client\/aprfae5\/#\/schema\/person\/d49ddfd2ee6ceb42ef2fbcdda1753954","name":"Chantal Couture","url":"https:\/\/www.capri-matique.com\/client\/aprfae5\/author\/chantal-couture\/"}]}},"_links":{"self":[{"href":"https:\/\/www.capri-matique.com\/client\/aprfae5\/wp-json\/wp\/v2\/posts\/4902","targetHints":{"allow":["GET"]}}],"collection":[{"href":"https:\/\/www.capri-matique.com\/client\/aprfae5\/wp-json\/wp\/v2\/posts"}],"about":[{"href":"https:\/\/www.capri-matique.com\/client\/aprfae5\/wp-json\/wp\/v2\/types\/post"}],"author":[{"embeddable":true,"href":"https:\/\/www.capri-matique.com\/client\/aprfae5\/wp-json\/wp\/v2\/users\/2"}],"replies":[{"embeddable":true,"href":"https:\/\/www.capri-matique.com\/client\/aprfae5\/wp-json\/wp\/v2\/comments?post=4902"}],"version-history":[{"count":1,"href":"https:\/\/www.capri-matique.com\/client\/aprfae5\/wp-json\/wp\/v2\/posts\/4902\/revisions"}],"predecessor-version":[{"id":4903,"href":"https:\/\/www.capri-matique.com\/client\/aprfae5\/wp-json\/wp\/v2\/posts\/4902\/revisions\/4903"}],"wp:attachment":[{"href":"https:\/\/www.capri-matique.com\/client\/aprfae5\/wp-json\/wp\/v2\/media?parent=4902"}],"wp:term":[{"taxonomy":"category","embeddable":true,"href":"https:\/\/www.capri-matique.com\/client\/aprfae5\/wp-json\/wp\/v2\/categories?post=4902"},{"taxonomy":"post_tag","embeddable":true,"href":"https:\/\/www.capri-matique.com\/client\/aprfae5\/wp-json\/wp\/v2\/tags?post=4902"}],"curies":[{"name":"wp","href":"https:\/\/api.w.org\/{rel}","templated":true}]}}