{"id":4795,"date":"2019-06-19T15:04:46","date_gmt":"2019-06-19T19:04:46","guid":{"rendered":"https:\/\/capri-matique.com\/client\/aprfae5\/?p=4795"},"modified":"2019-06-19T15:06:13","modified_gmt":"2019-06-19T19:06:13","slug":"journee-mondiale-de-sensibilisation-a-maltraitance-personnes-agees","status":"publish","type":"post","link":"https:\/\/www.capri-matique.com\/client\/aprfae5\/journee-mondiale-de-sensibilisation-a-maltraitance-personnes-agees\/","title":{"rendered":"Journ\u00e9e mondiale de sensibilisation \u00e0 la maltraitance des personnes \u00e2g\u00e9es"},"content":{"rendered":"<p><i><\/i><span style=\"font-family: verdana,geneva,sans-serif; font-size: 12pt; max-width: 100%;\">Le 15 juin a \u00e9t\u00e9 d\u00e9cr\u00e9t\u00e9 Journ\u00e9e mondiale de sensibilisation \u00e0 la maltraitance des personnes \u00e2g\u00e9es.<\/span><\/p>\n<p style=\"color: #171717; font-family: &amp;quot; telex&amp;quot;,&amp;quot;helvetica neue&amp;quot;,helvetica,arial,sans-serif; font-size: 15px; font-style: normal; font-variant: normal; font-weight: 400; letter-spacing: normal; max-width: 100%; orphans: 2; text-align: justify; text-decoration: none; text-indent: 0px; text-transform: none; -webkit-text-stroke-width: 0px; white-space: normal; word-spacing: 0px;\"><span style=\"font-family: verdana,geneva,sans-serif; font-size: 12pt; max-width: 100%;\">Aucun geste de maltraitance ne devrait \u00eatre tol\u00e9r\u00e9. Les personnes \u00e2g\u00e9es ont le droit de vivre dans la dignit\u00e9, en s\u00e9curit\u00e9 et sans aucune forme d&#8217;abus. La maltraitance peut prendre diff\u00e9rentes formes et met en p\u00e9ril la sant\u00e9 et le bien-\u00eatre de personnes plus vuln\u00e9rables.\u00a0<\/span><br style=\"max-width: 100%;\" \/><span style=\"font-family: verdana,geneva,sans-serif; font-size: 12pt; max-width: 100%;\">Selon les Nations Unies, environ 1 personne \u00e2g\u00e9e sur 6 a \u00e9t\u00e9 victime de maltraitance dans son environnement au cours de l&#8217;ann\u00e9e derni\u00e8re. Au Canada, on estime qu&#8217;entre 4 et 7 % des personnes a\u00een\u00e9es seraient vis\u00e9es par ce probl\u00e8me.\u00a0Il est temps d\u2019agir\u00a0!<\/span><br style=\"max-width: 100%;\" \/><span style=\"font-family: verdana,geneva,sans-serif; font-size: 12pt; max-width: 100%;\">Pour souligner cette journ\u00e9e, l\u2019APRFAE vous invite \u00e0 passer \u00e0 l\u2019action pour lutter contre ce fl\u00e9au. Premi\u00e8rement, en posant un geste de bientraitance envers votre entourage. Deuxi\u00e8mement, en d\u00e9non\u00e7ant les actes de maltraitance dont vous \u00eates t\u00e9moins. Vous avez un doute\u00a0? N\u2019h\u00e9sitez pas \u00e0 contactez les autorit\u00e9s. Pour ce faire, appelez la ligne <a style=\"color: #000000; font-weight: bold; max-width: 100%; text-decoration: underline;\" href=\"https:\/\/www.aideabusaines.ca\/\" target=\"_blank\" rel=\"noopener\">Aide Abus A\u00een\u00e9s:\u00a0<\/a><\/span><span style=\"font-family: verdana,geneva,sans-serif; font-size: 12pt; max-width: 100%;\"><strong style=\"max-width: 100%;\">1-888-489-2287<\/strong>, <\/span><span style=\"font-family: verdana,geneva,sans-serif; font-size: 12pt; max-width: 100%;\">7 jours sur 7, <\/span><span style=\"font-family: verdana,geneva,sans-serif; font-size: 12pt; max-width: 100%;\">de 8h \u00e0 20h.<\/span><\/p>\n","protected":false},"excerpt":{"rendered":"<p>Le 15 juin a \u00e9t\u00e9 d\u00e9cr\u00e9t\u00e9 Journ\u00e9e mondiale de sensibilisation \u00e0 la maltraitance des personnes \u00e2g\u00e9es. Aucun geste de maltraitance ne devrait \u00eatre tol\u00e9r\u00e9. Les personnes \u00e2g\u00e9es ont le droit de vivre dans la dignit\u00e9, en s\u00e9curit\u00e9 et sans aucune forme d&#8217;abus. La maltraitance peut prendre diff\u00e9rentes formes et met en p\u00e9ril la sant\u00e9 et &hellip;<\/p>\n","protected":false},"author":2,"featured_media":0,"comment_status":"closed","ping_status":"open","sticky":false,"template":"","format":"standard","meta":{"footnotes":""},"categories":[1],"tags":[],"class_list":["post-4795","post","type-post","status-publish","format-standard","hentry","category-uncategorized"],"yoast_head":"<!-- This site is optimized with the Yoast SEO plugin v17.3 - https:\/\/yoast.com\/wordpress\/plugins\/seo\/ -->\n<title>Journ\u00e9e mondiale de sensibilisation \u00e0 la maltraitance des personnes \u00e2g\u00e9es - Association de personnes retrait\u00e9es de la FAE<\/title>\n<meta name=\"robots\" content=\"noindex, follow, max-snippet:-1, max-image-preview:large, max-video-preview:-1\" \/>\n<meta property=\"og:locale\" content=\"fr_FR\" \/>\n<meta property=\"og:type\" content=\"article\" \/>\n<meta property=\"og:title\" content=\"Journ\u00e9e mondiale de sensibilisation \u00e0 la maltraitance des personnes \u00e2g\u00e9es - Association de personnes retrait\u00e9es de la FAE\" \/>\n<meta property=\"og:description\" content=\"Le 15 juin a \u00e9t\u00e9 d\u00e9cr\u00e9t\u00e9 Journ\u00e9e mondiale de sensibilisation \u00e0 la maltraitance des personnes \u00e2g\u00e9es. Aucun geste de maltraitance ne devrait \u00eatre tol\u00e9r\u00e9. Les personnes \u00e2g\u00e9es ont le droit de vivre dans la dignit\u00e9, en s\u00e9curit\u00e9 et sans aucune forme d&#8217;abus. La maltraitance peut prendre diff\u00e9rentes formes et met en p\u00e9ril la sant\u00e9 et &hellip;\" \/>\n<meta property=\"og:url\" content=\"https:\/\/www.capri-matique.com\/client\/aprfae5\/journee-mondiale-de-sensibilisation-a-maltraitance-personnes-agees\/\" \/>\n<meta property=\"og:site_name\" content=\"Association de personnes retrait\u00e9es de la FAE\" \/>\n<meta property=\"article:published_time\" content=\"2019-06-19T19:04:46+00:00\" \/>\n<meta property=\"article:modified_time\" content=\"2019-06-19T19:06:13+00:00\" \/>\n<meta name=\"twitter:card\" content=\"summary\" \/>\n<meta name=\"twitter:label1\" content=\"\u00c9crit par\" \/>\n\t<meta name=\"twitter:data1\" content=\"Chantal Couture\" \/>\n\t<meta name=\"twitter:label2\" content=\"Dur\u00e9e de lecture estim\u00e9e\" \/>\n\t<meta name=\"twitter:data2\" content=\"1 minute\" \/>\n<script type=\"application\/ld+json\" class=\"yoast-schema-graph\">{\"@context\":\"https:\/\/schema.org\",\"@graph\":[{\"@type\":\"WebSite\",\"@id\":\"https:\/\/www.capri-matique.com\/client\/aprfae5\/#website\",\"url\":\"https:\/\/www.capri-matique.com\/client\/aprfae5\/\",\"name\":\"Association de personnes retrait\\u00e9es de la FAE\",\"description\":\"L&#039;association qui nous unit\",\"potentialAction\":[{\"@type\":\"SearchAction\",\"target\":{\"@type\":\"EntryPoint\",\"urlTemplate\":\"https:\/\/www.capri-matique.com\/client\/aprfae5\/?s={search_term_string}\"},\"query-input\":\"required name=search_term_string\"}],\"inLanguage\":\"fr-FR\"},{\"@type\":\"WebPage\",\"@id\":\"https:\/\/www.capri-matique.com\/client\/aprfae5\/journee-mondiale-de-sensibilisation-a-maltraitance-personnes-agees\/#webpage\",\"url\":\"https:\/\/www.capri-matique.com\/client\/aprfae5\/journee-mondiale-de-sensibilisation-a-maltraitance-personnes-agees\/\",\"name\":\"Journ\\u00e9e mondiale de sensibilisation \\u00e0 la maltraitance des personnes \\u00e2g\\u00e9es - Association de personnes retrait\\u00e9es de la FAE\",\"isPartOf\":{\"@id\":\"https:\/\/www.capri-matique.com\/client\/aprfae5\/#website\"},\"datePublished\":\"2019-06-19T19:04:46+00:00\",\"dateModified\":\"2019-06-19T19:06:13+00:00\",\"author\":{\"@id\":\"https:\/\/www.capri-matique.com\/client\/aprfae5\/#\/schema\/person\/d49ddfd2ee6ceb42ef2fbcdda1753954\"},\"breadcrumb\":{\"@id\":\"https:\/\/www.capri-matique.com\/client\/aprfae5\/journee-mondiale-de-sensibilisation-a-maltraitance-personnes-agees\/#breadcrumb\"},\"inLanguage\":\"fr-FR\",\"potentialAction\":[{\"@type\":\"ReadAction\",\"target\":[\"https:\/\/www.capri-matique.com\/client\/aprfae5\/journee-mondiale-de-sensibilisation-a-maltraitance-personnes-agees\/\"]}]},{\"@type\":\"BreadcrumbList\",\"@id\":\"https:\/\/www.capri-matique.com\/client\/aprfae5\/journee-mondiale-de-sensibilisation-a-maltraitance-personnes-agees\/#breadcrumb\",\"itemListElement\":[{\"@type\":\"ListItem\",\"position\":1,\"name\":\"Accueil\",\"item\":\"https:\/\/www.capri-matique.com\/client\/aprfae5\/\"},{\"@type\":\"ListItem\",\"position\":2,\"name\":\"Journ\\u00e9e mondiale de sensibilisation \\u00e0 la maltraitance des personnes \\u00e2g\\u00e9es\"}]},{\"@type\":\"Person\",\"@id\":\"https:\/\/www.capri-matique.com\/client\/aprfae5\/#\/schema\/person\/d49ddfd2ee6ceb42ef2fbcdda1753954\",\"name\":\"Chantal Couture\",\"url\":\"https:\/\/www.capri-matique.com\/client\/aprfae5\/author\/chantal-couture\/\"}]}<\/script>\n<!-- \/ Yoast SEO plugin. -->","yoast_head_json":{"title":"Journ\u00e9e mondiale de sensibilisation \u00e0 la maltraitance des personnes \u00e2g\u00e9es - Association de personnes retrait\u00e9es de la FAE","robots":{"index":"noindex","follow":"follow","max-snippet":"max-snippet:-1","max-image-preview":"max-image-preview:large","max-video-preview":"max-video-preview:-1"},"og_locale":"fr_FR","og_type":"article","og_title":"Journ\u00e9e mondiale de sensibilisation \u00e0 la maltraitance des personnes \u00e2g\u00e9es - Association de personnes retrait\u00e9es de la FAE","og_description":"Le 15 juin a \u00e9t\u00e9 d\u00e9cr\u00e9t\u00e9 Journ\u00e9e mondiale de sensibilisation \u00e0 la maltraitance des personnes \u00e2g\u00e9es. Aucun geste de maltraitance ne devrait \u00eatre tol\u00e9r\u00e9. Les personnes \u00e2g\u00e9es ont le droit de vivre dans la dignit\u00e9, en s\u00e9curit\u00e9 et sans aucune forme d&#8217;abus. La maltraitance peut prendre diff\u00e9rentes formes et met en p\u00e9ril la sant\u00e9 et &hellip;","og_url":"https:\/\/www.capri-matique.com\/client\/aprfae5\/journee-mondiale-de-sensibilisation-a-maltraitance-personnes-agees\/","og_site_name":"Association de personnes retrait\u00e9es de la FAE","article_published_time":"2019-06-19T19:04:46+00:00","article_modified_time":"2019-06-19T19:06:13+00:00","twitter_card":"summary","twitter_misc":{"\u00c9crit par":"Chantal Couture","Dur\u00e9e de lecture estim\u00e9e":"1 minute"},"schema":{"@context":"https:\/\/schema.org","@graph":[{"@type":"WebSite","@id":"https:\/\/www.capri-matique.com\/client\/aprfae5\/#website","url":"https:\/\/www.capri-matique.com\/client\/aprfae5\/","name":"Association de personnes retrait\u00e9es de la FAE","description":"L&#039;association qui nous unit","potentialAction":[{"@type":"SearchAction","target":{"@type":"EntryPoint","urlTemplate":"https:\/\/www.capri-matique.com\/client\/aprfae5\/?s={search_term_string}"},"query-input":"required name=search_term_string"}],"inLanguage":"fr-FR"},{"@type":"WebPage","@id":"https:\/\/www.capri-matique.com\/client\/aprfae5\/journee-mondiale-de-sensibilisation-a-maltraitance-personnes-agees\/#webpage","url":"https:\/\/www.capri-matique.com\/client\/aprfae5\/journee-mondiale-de-sensibilisation-a-maltraitance-personnes-agees\/","name":"Journ\u00e9e mondiale de sensibilisation \u00e0 la maltraitance des personnes \u00e2g\u00e9es - Association de personnes retrait\u00e9es de la FAE","isPartOf":{"@id":"https:\/\/www.capri-matique.com\/client\/aprfae5\/#website"},"datePublished":"2019-06-19T19:04:46+00:00","dateModified":"2019-06-19T19:06:13+00:00","author":{"@id":"https:\/\/www.capri-matique.com\/client\/aprfae5\/#\/schema\/person\/d49ddfd2ee6ceb42ef2fbcdda1753954"},"breadcrumb":{"@id":"https:\/\/www.capri-matique.com\/client\/aprfae5\/journee-mondiale-de-sensibilisation-a-maltraitance-personnes-agees\/#breadcrumb"},"inLanguage":"fr-FR","potentialAction":[{"@type":"ReadAction","target":["https:\/\/www.capri-matique.com\/client\/aprfae5\/journee-mondiale-de-sensibilisation-a-maltraitance-personnes-agees\/"]}]},{"@type":"BreadcrumbList","@id":"https:\/\/www.capri-matique.com\/client\/aprfae5\/journee-mondiale-de-sensibilisation-a-maltraitance-personnes-agees\/#breadcrumb","itemListElement":[{"@type":"ListItem","position":1,"name":"Accueil","item":"https:\/\/www.capri-matique.com\/client\/aprfae5\/"},{"@type":"ListItem","position":2,"name":"Journ\u00e9e mondiale de sensibilisation \u00e0 la maltraitance des personnes \u00e2g\u00e9es"}]},{"@type":"Person","@id":"https:\/\/www.capri-matique.com\/client\/aprfae5\/#\/schema\/person\/d49ddfd2ee6ceb42ef2fbcdda1753954","name":"Chantal Couture","url":"https:\/\/www.capri-matique.com\/client\/aprfae5\/author\/chantal-couture\/"}]}},"_links":{"self":[{"href":"https:\/\/www.capri-matique.com\/client\/aprfae5\/wp-json\/wp\/v2\/posts\/4795","targetHints":{"allow":["GET"]}}],"collection":[{"href":"https:\/\/www.capri-matique.com\/client\/aprfae5\/wp-json\/wp\/v2\/posts"}],"about":[{"href":"https:\/\/www.capri-matique.com\/client\/aprfae5\/wp-json\/wp\/v2\/types\/post"}],"author":[{"embeddable":true,"href":"https:\/\/www.capri-matique.com\/client\/aprfae5\/wp-json\/wp\/v2\/users\/2"}],"replies":[{"embeddable":true,"href":"https:\/\/www.capri-matique.com\/client\/aprfae5\/wp-json\/wp\/v2\/comments?post=4795"}],"version-history":[{"count":2,"href":"https:\/\/www.capri-matique.com\/client\/aprfae5\/wp-json\/wp\/v2\/posts\/4795\/revisions"}],"predecessor-version":[{"id":4797,"href":"https:\/\/www.capri-matique.com\/client\/aprfae5\/wp-json\/wp\/v2\/posts\/4795\/revisions\/4797"}],"wp:attachment":[{"href":"https:\/\/www.capri-matique.com\/client\/aprfae5\/wp-json\/wp\/v2\/media?parent=4795"}],"wp:term":[{"taxonomy":"category","embeddable":true,"href":"https:\/\/www.capri-matique.com\/client\/aprfae5\/wp-json\/wp\/v2\/categories?post=4795"},{"taxonomy":"post_tag","embeddable":true,"href":"https:\/\/www.capri-matique.com\/client\/aprfae5\/wp-json\/wp\/v2\/tags?post=4795"}],"curies":[{"name":"wp","href":"https:\/\/api.w.org\/{rel}","templated":true}]}}