{"id":4620,"date":"2019-06-13T14:51:52","date_gmt":"2019-06-13T18:51:52","guid":{"rendered":"https:\/\/capri-matique.com\/client\/aprfae5\/?p=4620"},"modified":"2019-06-13T14:52:57","modified_gmt":"2019-06-13T18:52:57","slug":"laprfae-87eme-congres-de-lacfas","status":"publish","type":"post","link":"https:\/\/www.capri-matique.com\/client\/aprfae5\/laprfae-87eme-congres-de-lacfas\/","title":{"rendered":"L\u2019APRFAE au 87\u00e8me Congr\u00e8s de l\u2019Acfas"},"content":{"rendered":"<p style=\"color: #171717; font-family: &amp;quot; telex&amp;quot;,&amp;quot;helvetica neue&amp;quot;,helvetica,arial,sans-serif; font-size: 15px; font-style: normal; font-variant: normal; font-weight: 400; letter-spacing: normal; max-width: 100%; orphans: 2; text-align: justify; text-decoration: none; text-indent: 0px; text-transform: none; -webkit-text-stroke-width: 0px; white-space: normal; word-spacing: 0px;\">Du 27 au 31 mai 2019 se d\u00e9roulait, \u00e0 Gatineau, le congr\u00e8s annuel de l\u2019Acfas. Cet organisme \u00e0 but non lucratif contribue \u00e0 l\u2019avancement des sciences au Qu\u00e9bec et dans la francophonie canadienne. Cet \u00e9v\u00e9nement qui r\u00e9unit des scientifiques du monde entier fait la promotion des connaissances et de l\u2019approche scientifique, en vue d&#8217;am\u00e9liorer la qualit\u00e9 de la vie en soci\u00e9t\u00e9. Parmi la panoplie de colloques qui avaient lieu durant la semaine, nous avons choisi d&#8217;assister \u00e0 celui ayant pour th\u00e8me <em style=\"max-width: 100%;\">Vieillissement : autonomie et interd\u00e9pendance, une contradiction ?<\/em><\/p>\n<p style=\"color: #171717; font-family: &amp;quot; telex&amp;quot;,&amp;quot;helvetica neue&amp;quot;,helvetica,arial,sans-serif; font-size: 15px; font-style: normal; font-variant: normal; font-weight: 400; letter-spacing: normal; max-width: 100%; orphans: 2; text-align: justify; text-decoration: none; text-indent: 0px; text-transform: none; -webkit-text-stroke-width: 0px; white-space: normal; word-spacing: 0px;\">Marqu\u00e9e par la th\u00e9matique de l\u2019interd\u00e9pendance, la journ\u00e9e se voulait un moment de r\u00e9flexion sur les relations interg\u00e9n\u00e9rationnelles. Au cours des neuf conf\u00e9rences qui ont eu lieu durant la journ\u00e9e, des concepts tels que l\u2019\u00e2gisme, l\u2019auto-\u00e2gisme et l\u2019autonomie relationnelle ont \u00e9t\u00e9 explor\u00e9s, pour n\u2019en nommer que quelques-uns.<\/p>\n<p style=\"color: #171717; font-family: &amp;quot; telex&amp;quot;,&amp;quot;helvetica neue&amp;quot;,helvetica,arial,sans-serif; font-size: 15px; font-style: normal; font-variant: normal; font-weight: 400; letter-spacing: normal; max-width: 100%; orphans: 2; text-align: justify; text-decoration: none; text-indent: 0px; text-transform: none; -webkit-text-stroke-width: 0px; white-space: normal; word-spacing: 0px;\">Ce congr\u00e8s est un premier contact, pour l\u2019Association, avec le milieu de la recherche sur le vieillissement. Cette participation nous permettra de mieux comprendre les enjeux entourant le vieillissement et de pouvoir prendre part aux d\u00e9bats de mani\u00e8re \u00e9clair\u00e9e.<b><\/b><i><\/i><u><\/u><span style=\"text-decoration: line-through;\"><\/span><\/p>\n<p style=\"color: #171717; font-family: &amp;quot; telex&amp;quot;,&amp;quot;helvetica neue&amp;quot;,helvetica,arial,sans-serif; font-size: 15px; font-style: normal; font-variant: normal; font-weight: 400; letter-spacing: normal; max-width: 100%; orphans: 2; text-align: justify; text-decoration: none; text-indent: 0px; text-transform: none; -webkit-text-stroke-width: 0px; white-space: normal; word-spacing: 0px;\">\n","protected":false},"excerpt":{"rendered":"<p>Du 27 au 31 mai 2019 se d\u00e9roulait, \u00e0 Gatineau, le congr\u00e8s annuel de l\u2019Acfas. Cet organisme \u00e0 but non lucratif contribue \u00e0 l\u2019avancement des sciences au Qu\u00e9bec et dans la francophonie canadienne. Cet \u00e9v\u00e9nement qui r\u00e9unit des scientifiques du monde entier fait la promotion des connaissances et de l\u2019approche scientifique, en vue d&#8217;am\u00e9liorer la &hellip;<\/p>\n","protected":false},"author":2,"featured_media":0,"comment_status":"closed","ping_status":"open","sticky":false,"template":"","format":"standard","meta":{"footnotes":""},"categories":[1],"tags":[],"class_list":["post-4620","post","type-post","status-publish","format-standard","hentry","category-uncategorized"],"yoast_head":"<!-- This site is optimized with the Yoast SEO plugin v17.3 - https:\/\/yoast.com\/wordpress\/plugins\/seo\/ -->\n<title>L\u2019APRFAE au 87\u00e8me Congr\u00e8s de l\u2019Acfas - Association de personnes retrait\u00e9es de la FAE<\/title>\n<meta name=\"robots\" content=\"noindex, follow, max-snippet:-1, max-image-preview:large, max-video-preview:-1\" \/>\n<meta property=\"og:locale\" content=\"fr_FR\" \/>\n<meta property=\"og:type\" content=\"article\" \/>\n<meta property=\"og:title\" content=\"L\u2019APRFAE au 87\u00e8me Congr\u00e8s de l\u2019Acfas - Association de personnes retrait\u00e9es de la FAE\" \/>\n<meta property=\"og:description\" content=\"Du 27 au 31 mai 2019 se d\u00e9roulait, \u00e0 Gatineau, le congr\u00e8s annuel de l\u2019Acfas. Cet organisme \u00e0 but non lucratif contribue \u00e0 l\u2019avancement des sciences au Qu\u00e9bec et dans la francophonie canadienne. Cet \u00e9v\u00e9nement qui r\u00e9unit des scientifiques du monde entier fait la promotion des connaissances et de l\u2019approche scientifique, en vue d&#8217;am\u00e9liorer la &hellip;\" \/>\n<meta property=\"og:url\" content=\"https:\/\/www.capri-matique.com\/client\/aprfae5\/laprfae-87eme-congres-de-lacfas\/\" \/>\n<meta property=\"og:site_name\" content=\"Association de personnes retrait\u00e9es de la FAE\" \/>\n<meta property=\"article:published_time\" content=\"2019-06-13T18:51:52+00:00\" \/>\n<meta property=\"article:modified_time\" content=\"2019-06-13T18:52:57+00:00\" \/>\n<meta name=\"twitter:card\" content=\"summary\" \/>\n<meta name=\"twitter:label1\" content=\"\u00c9crit par\" \/>\n\t<meta name=\"twitter:data1\" content=\"Chantal Couture\" \/>\n\t<meta name=\"twitter:label2\" content=\"Dur\u00e9e de lecture estim\u00e9e\" \/>\n\t<meta name=\"twitter:data2\" content=\"1 minute\" \/>\n<script type=\"application\/ld+json\" class=\"yoast-schema-graph\">{\"@context\":\"https:\/\/schema.org\",\"@graph\":[{\"@type\":\"WebSite\",\"@id\":\"https:\/\/www.capri-matique.com\/client\/aprfae5\/#website\",\"url\":\"https:\/\/www.capri-matique.com\/client\/aprfae5\/\",\"name\":\"Association de personnes retrait\\u00e9es de la FAE\",\"description\":\"L&#039;association qui nous unit\",\"potentialAction\":[{\"@type\":\"SearchAction\",\"target\":{\"@type\":\"EntryPoint\",\"urlTemplate\":\"https:\/\/www.capri-matique.com\/client\/aprfae5\/?s={search_term_string}\"},\"query-input\":\"required name=search_term_string\"}],\"inLanguage\":\"fr-FR\"},{\"@type\":\"WebPage\",\"@id\":\"https:\/\/www.capri-matique.com\/client\/aprfae5\/laprfae-87eme-congres-de-lacfas\/#webpage\",\"url\":\"https:\/\/www.capri-matique.com\/client\/aprfae5\/laprfae-87eme-congres-de-lacfas\/\",\"name\":\"L\\u2019APRFAE au 87\\u00e8me Congr\\u00e8s de l\\u2019Acfas - Association de personnes retrait\\u00e9es de la FAE\",\"isPartOf\":{\"@id\":\"https:\/\/www.capri-matique.com\/client\/aprfae5\/#website\"},\"datePublished\":\"2019-06-13T18:51:52+00:00\",\"dateModified\":\"2019-06-13T18:52:57+00:00\",\"author\":{\"@id\":\"https:\/\/www.capri-matique.com\/client\/aprfae5\/#\/schema\/person\/d49ddfd2ee6ceb42ef2fbcdda1753954\"},\"breadcrumb\":{\"@id\":\"https:\/\/www.capri-matique.com\/client\/aprfae5\/laprfae-87eme-congres-de-lacfas\/#breadcrumb\"},\"inLanguage\":\"fr-FR\",\"potentialAction\":[{\"@type\":\"ReadAction\",\"target\":[\"https:\/\/www.capri-matique.com\/client\/aprfae5\/laprfae-87eme-congres-de-lacfas\/\"]}]},{\"@type\":\"BreadcrumbList\",\"@id\":\"https:\/\/www.capri-matique.com\/client\/aprfae5\/laprfae-87eme-congres-de-lacfas\/#breadcrumb\",\"itemListElement\":[{\"@type\":\"ListItem\",\"position\":1,\"name\":\"Accueil\",\"item\":\"https:\/\/www.capri-matique.com\/client\/aprfae5\/\"},{\"@type\":\"ListItem\",\"position\":2,\"name\":\"L\\u2019APRFAE au 87\\u00e8me Congr\\u00e8s de l\\u2019Acfas\"}]},{\"@type\":\"Person\",\"@id\":\"https:\/\/www.capri-matique.com\/client\/aprfae5\/#\/schema\/person\/d49ddfd2ee6ceb42ef2fbcdda1753954\",\"name\":\"Chantal Couture\",\"url\":\"https:\/\/www.capri-matique.com\/client\/aprfae5\/author\/chantal-couture\/\"}]}<\/script>\n<!-- \/ Yoast SEO plugin. -->","yoast_head_json":{"title":"L\u2019APRFAE au 87\u00e8me Congr\u00e8s de l\u2019Acfas - Association de personnes retrait\u00e9es de la FAE","robots":{"index":"noindex","follow":"follow","max-snippet":"max-snippet:-1","max-image-preview":"max-image-preview:large","max-video-preview":"max-video-preview:-1"},"og_locale":"fr_FR","og_type":"article","og_title":"L\u2019APRFAE au 87\u00e8me Congr\u00e8s de l\u2019Acfas - Association de personnes retrait\u00e9es de la FAE","og_description":"Du 27 au 31 mai 2019 se d\u00e9roulait, \u00e0 Gatineau, le congr\u00e8s annuel de l\u2019Acfas. Cet organisme \u00e0 but non lucratif contribue \u00e0 l\u2019avancement des sciences au Qu\u00e9bec et dans la francophonie canadienne. Cet \u00e9v\u00e9nement qui r\u00e9unit des scientifiques du monde entier fait la promotion des connaissances et de l\u2019approche scientifique, en vue d&#8217;am\u00e9liorer la &hellip;","og_url":"https:\/\/www.capri-matique.com\/client\/aprfae5\/laprfae-87eme-congres-de-lacfas\/","og_site_name":"Association de personnes retrait\u00e9es de la FAE","article_published_time":"2019-06-13T18:51:52+00:00","article_modified_time":"2019-06-13T18:52:57+00:00","twitter_card":"summary","twitter_misc":{"\u00c9crit par":"Chantal Couture","Dur\u00e9e de lecture estim\u00e9e":"1 minute"},"schema":{"@context":"https:\/\/schema.org","@graph":[{"@type":"WebSite","@id":"https:\/\/www.capri-matique.com\/client\/aprfae5\/#website","url":"https:\/\/www.capri-matique.com\/client\/aprfae5\/","name":"Association de personnes retrait\u00e9es de la FAE","description":"L&#039;association qui nous unit","potentialAction":[{"@type":"SearchAction","target":{"@type":"EntryPoint","urlTemplate":"https:\/\/www.capri-matique.com\/client\/aprfae5\/?s={search_term_string}"},"query-input":"required name=search_term_string"}],"inLanguage":"fr-FR"},{"@type":"WebPage","@id":"https:\/\/www.capri-matique.com\/client\/aprfae5\/laprfae-87eme-congres-de-lacfas\/#webpage","url":"https:\/\/www.capri-matique.com\/client\/aprfae5\/laprfae-87eme-congres-de-lacfas\/","name":"L\u2019APRFAE au 87\u00e8me Congr\u00e8s de l\u2019Acfas - Association de personnes retrait\u00e9es de la FAE","isPartOf":{"@id":"https:\/\/www.capri-matique.com\/client\/aprfae5\/#website"},"datePublished":"2019-06-13T18:51:52+00:00","dateModified":"2019-06-13T18:52:57+00:00","author":{"@id":"https:\/\/www.capri-matique.com\/client\/aprfae5\/#\/schema\/person\/d49ddfd2ee6ceb42ef2fbcdda1753954"},"breadcrumb":{"@id":"https:\/\/www.capri-matique.com\/client\/aprfae5\/laprfae-87eme-congres-de-lacfas\/#breadcrumb"},"inLanguage":"fr-FR","potentialAction":[{"@type":"ReadAction","target":["https:\/\/www.capri-matique.com\/client\/aprfae5\/laprfae-87eme-congres-de-lacfas\/"]}]},{"@type":"BreadcrumbList","@id":"https:\/\/www.capri-matique.com\/client\/aprfae5\/laprfae-87eme-congres-de-lacfas\/#breadcrumb","itemListElement":[{"@type":"ListItem","position":1,"name":"Accueil","item":"https:\/\/www.capri-matique.com\/client\/aprfae5\/"},{"@type":"ListItem","position":2,"name":"L\u2019APRFAE au 87\u00e8me Congr\u00e8s de l\u2019Acfas"}]},{"@type":"Person","@id":"https:\/\/www.capri-matique.com\/client\/aprfae5\/#\/schema\/person\/d49ddfd2ee6ceb42ef2fbcdda1753954","name":"Chantal Couture","url":"https:\/\/www.capri-matique.com\/client\/aprfae5\/author\/chantal-couture\/"}]}},"_links":{"self":[{"href":"https:\/\/www.capri-matique.com\/client\/aprfae5\/wp-json\/wp\/v2\/posts\/4620","targetHints":{"allow":["GET"]}}],"collection":[{"href":"https:\/\/www.capri-matique.com\/client\/aprfae5\/wp-json\/wp\/v2\/posts"}],"about":[{"href":"https:\/\/www.capri-matique.com\/client\/aprfae5\/wp-json\/wp\/v2\/types\/post"}],"author":[{"embeddable":true,"href":"https:\/\/www.capri-matique.com\/client\/aprfae5\/wp-json\/wp\/v2\/users\/2"}],"replies":[{"embeddable":true,"href":"https:\/\/www.capri-matique.com\/client\/aprfae5\/wp-json\/wp\/v2\/comments?post=4620"}],"version-history":[{"count":2,"href":"https:\/\/www.capri-matique.com\/client\/aprfae5\/wp-json\/wp\/v2\/posts\/4620\/revisions"}],"predecessor-version":[{"id":4622,"href":"https:\/\/www.capri-matique.com\/client\/aprfae5\/wp-json\/wp\/v2\/posts\/4620\/revisions\/4622"}],"wp:attachment":[{"href":"https:\/\/www.capri-matique.com\/client\/aprfae5\/wp-json\/wp\/v2\/media?parent=4620"}],"wp:term":[{"taxonomy":"category","embeddable":true,"href":"https:\/\/www.capri-matique.com\/client\/aprfae5\/wp-json\/wp\/v2\/categories?post=4620"},{"taxonomy":"post_tag","embeddable":true,"href":"https:\/\/www.capri-matique.com\/client\/aprfae5\/wp-json\/wp\/v2\/tags?post=4620"}],"curies":[{"name":"wp","href":"https:\/\/api.w.org\/{rel}","templated":true}]}}