{"id":4469,"date":"2019-06-03T14:35:34","date_gmt":"2019-06-03T18:35:34","guid":{"rendered":"https:\/\/capri-matique.com\/client\/aprfae5\/?p=4469"},"modified":"2019-06-03T14:37:23","modified_gmt":"2019-06-03T18:37:23","slug":"personnes-ainees-fiscalite","status":"publish","type":"post","link":"https:\/\/www.capri-matique.com\/client\/aprfae5\/personnes-ainees-fiscalite\/","title":{"rendered":"Personnes a\u00een\u00e9es et fiscalit\u00e9"},"content":{"rendered":"<p style=\"text-align: justify;\">L&#8217;IRIS montre, dans une \u00e9tude parue r\u00e9cemment, que le gouvernement qu\u00e9b\u00e9cois a trop fr\u00e9quemment recours aux cr\u00e9dits d&#8217;imp\u00f4t, un outil fiscal qui s&#8217;av\u00e8re souvent inad\u00e9quat pour r\u00e9pondre aux enjeux de soci\u00e9t\u00e9 :<br style=\"max-width: 100%;\" \/>\u2022 Improvis\u00e9s : Les gouvernements successifs ont cr\u00e9\u00e9 une multitude de cr\u00e9dits d&#8217;imp\u00f4t pour les personnes a\u00een\u00e9es du Qu\u00e9bec sur la base \u00ab un probl\u00e8me, un cr\u00e9dit \u00bb. Les probl\u00e8mes demeurent, et on se perd dans un oc\u00e9an de cr\u00e9dits.<br style=\"max-width: 100%;\" \/>\u2022 Insuffisants : L&#8217;un des exemples les plus frappants est celui du cr\u00e9dit d&#8217;imp\u00f4t pour maintien \u00e0 domicile des a\u00een\u00e9s, dont l&#8217;utilisation a explos\u00e9 de 162,3% en dix ans, alors que les besoins dans ce domaine demeurent criants en raison de d\u00e9penses publiques insuffisantes.<br style=\"max-width: 100%;\" \/>\u2022 Inaccessibles : Presque seules les personnes ayant acc\u00e8s \u00e0 des fiscalistes savent en tirer profit. Certains cr\u00e9dits sont si peu utilis\u00e9s que le gouvernement ne rend m\u00eame pas publiques les donn\u00e9es concernant leur utilisation. <br style=\"max-width: 100%;\" \/>\u00c0 la lumi\u00e8re de ces d\u00e9couvertes, l&#8217;IRIS estime qu&#8217;il est temps pour les gouvernements d&#8217;entamer une profonde r\u00e9flexion sur l&#8217;utilisation de ce type de d\u00e9penses fiscales, qui se fait trop souvent au d\u00e9triment de mesures fiscales plus progressives, de services ad\u00e9quats et de prestations publiques qui garantissent aux a\u00een\u00e9\u00b7e\u00b7s un revenu permettant une vie digne.<\/p>\n<p style=\"text-align: justify;\"><span style=\"font-family: verdana,geneva,sans-serif; font-size: 12pt;\">Pour consulter l&#8217;\u00e9tude, <a style=\"color: #000000; font-weight: bold; max-width: 100%; text-decoration: underline;\" href=\"https:\/\/iris-recherche.qc.ca\/publications\/Fiscalite-65etplus?utm_source=Partenaires+de+l%27IRIS&amp;utm_campaign=b32e173e8e-EMAIL_CAMPAIGN_2018_11_13_10_30_COPY_01&amp;utm_medium=email&amp;utm_term=0_308f53b983-b32e173e8e-126414525\" target=\"_blank\" rel=\"noopener\">c&#8217;est ici!<\/a>\u00a0<\/span><\/p>\n<p style=\"text-align: justify;\"><span style=\"font-size: 12pt;\"><!--more--><\/span><\/p>\n<p>&nbsp;<\/p>\n","protected":false},"excerpt":{"rendered":"<p>L&#8217;IRIS montre, dans une \u00e9tude parue r\u00e9cemment, que le gouvernement qu\u00e9b\u00e9cois a trop fr\u00e9quemment recours aux cr\u00e9dits d&#8217;imp\u00f4t, un outil fiscal qui s&#8217;av\u00e8re souvent inad\u00e9quat pour r\u00e9pondre aux enjeux de soci\u00e9t\u00e9 :\u2022 Improvis\u00e9s : Les gouvernements successifs ont cr\u00e9\u00e9 une multitude de cr\u00e9dits d&#8217;imp\u00f4t pour les personnes a\u00een\u00e9es du Qu\u00e9bec sur la base \u00ab un &hellip;<\/p>\n","protected":false},"author":2,"featured_media":0,"comment_status":"closed","ping_status":"open","sticky":false,"template":"","format":"standard","meta":{"footnotes":""},"categories":[1],"tags":[],"class_list":["post-4469","post","type-post","status-publish","format-standard","hentry","category-uncategorized"],"yoast_head":"<!-- This site is optimized with the Yoast SEO plugin v17.3 - https:\/\/yoast.com\/wordpress\/plugins\/seo\/ -->\n<title>Personnes a\u00een\u00e9es et fiscalit\u00e9 - Association de personnes retrait\u00e9es de la FAE<\/title>\n<meta name=\"robots\" content=\"noindex, follow, max-snippet:-1, max-image-preview:large, max-video-preview:-1\" \/>\n<meta property=\"og:locale\" content=\"fr_FR\" \/>\n<meta property=\"og:type\" content=\"article\" \/>\n<meta property=\"og:title\" content=\"Personnes a\u00een\u00e9es et fiscalit\u00e9 - Association de personnes retrait\u00e9es de la FAE\" \/>\n<meta property=\"og:description\" content=\"L&#8217;IRIS montre, dans une \u00e9tude parue r\u00e9cemment, que le gouvernement qu\u00e9b\u00e9cois a trop fr\u00e9quemment recours aux cr\u00e9dits d&#8217;imp\u00f4t, un outil fiscal qui s&#8217;av\u00e8re souvent inad\u00e9quat pour r\u00e9pondre aux enjeux de soci\u00e9t\u00e9 :\u2022 Improvis\u00e9s : Les gouvernements successifs ont cr\u00e9\u00e9 une multitude de cr\u00e9dits d&#8217;imp\u00f4t pour les personnes a\u00een\u00e9es du Qu\u00e9bec sur la base \u00ab un &hellip;\" \/>\n<meta property=\"og:url\" content=\"https:\/\/www.capri-matique.com\/client\/aprfae5\/personnes-ainees-fiscalite\/\" \/>\n<meta property=\"og:site_name\" content=\"Association de personnes retrait\u00e9es de la FAE\" \/>\n<meta property=\"article:published_time\" content=\"2019-06-03T18:35:34+00:00\" \/>\n<meta property=\"article:modified_time\" content=\"2019-06-03T18:37:23+00:00\" \/>\n<meta name=\"twitter:card\" content=\"summary\" \/>\n<meta name=\"twitter:label1\" content=\"\u00c9crit par\" \/>\n\t<meta name=\"twitter:data1\" content=\"Chantal Couture\" \/>\n\t<meta name=\"twitter:label2\" content=\"Dur\u00e9e de lecture estim\u00e9e\" \/>\n\t<meta name=\"twitter:data2\" content=\"1 minute\" \/>\n<script type=\"application\/ld+json\" class=\"yoast-schema-graph\">{\"@context\":\"https:\/\/schema.org\",\"@graph\":[{\"@type\":\"WebSite\",\"@id\":\"https:\/\/www.capri-matique.com\/client\/aprfae5\/#website\",\"url\":\"https:\/\/www.capri-matique.com\/client\/aprfae5\/\",\"name\":\"Association de personnes retrait\\u00e9es de la FAE\",\"description\":\"L&#039;association qui nous unit\",\"potentialAction\":[{\"@type\":\"SearchAction\",\"target\":{\"@type\":\"EntryPoint\",\"urlTemplate\":\"https:\/\/www.capri-matique.com\/client\/aprfae5\/?s={search_term_string}\"},\"query-input\":\"required name=search_term_string\"}],\"inLanguage\":\"fr-FR\"},{\"@type\":\"WebPage\",\"@id\":\"https:\/\/www.capri-matique.com\/client\/aprfae5\/personnes-ainees-fiscalite\/#webpage\",\"url\":\"https:\/\/www.capri-matique.com\/client\/aprfae5\/personnes-ainees-fiscalite\/\",\"name\":\"Personnes a\\u00een\\u00e9es et fiscalit\\u00e9 - Association de personnes retrait\\u00e9es de la FAE\",\"isPartOf\":{\"@id\":\"https:\/\/www.capri-matique.com\/client\/aprfae5\/#website\"},\"datePublished\":\"2019-06-03T18:35:34+00:00\",\"dateModified\":\"2019-06-03T18:37:23+00:00\",\"author\":{\"@id\":\"https:\/\/www.capri-matique.com\/client\/aprfae5\/#\/schema\/person\/d49ddfd2ee6ceb42ef2fbcdda1753954\"},\"breadcrumb\":{\"@id\":\"https:\/\/www.capri-matique.com\/client\/aprfae5\/personnes-ainees-fiscalite\/#breadcrumb\"},\"inLanguage\":\"fr-FR\",\"potentialAction\":[{\"@type\":\"ReadAction\",\"target\":[\"https:\/\/www.capri-matique.com\/client\/aprfae5\/personnes-ainees-fiscalite\/\"]}]},{\"@type\":\"BreadcrumbList\",\"@id\":\"https:\/\/www.capri-matique.com\/client\/aprfae5\/personnes-ainees-fiscalite\/#breadcrumb\",\"itemListElement\":[{\"@type\":\"ListItem\",\"position\":1,\"name\":\"Accueil\",\"item\":\"https:\/\/www.capri-matique.com\/client\/aprfae5\/\"},{\"@type\":\"ListItem\",\"position\":2,\"name\":\"Personnes a\\u00een\\u00e9es et fiscalit\\u00e9\"}]},{\"@type\":\"Person\",\"@id\":\"https:\/\/www.capri-matique.com\/client\/aprfae5\/#\/schema\/person\/d49ddfd2ee6ceb42ef2fbcdda1753954\",\"name\":\"Chantal Couture\",\"url\":\"https:\/\/www.capri-matique.com\/client\/aprfae5\/author\/chantal-couture\/\"}]}<\/script>\n<!-- \/ Yoast SEO plugin. -->","yoast_head_json":{"title":"Personnes a\u00een\u00e9es et fiscalit\u00e9 - Association de personnes retrait\u00e9es de la FAE","robots":{"index":"noindex","follow":"follow","max-snippet":"max-snippet:-1","max-image-preview":"max-image-preview:large","max-video-preview":"max-video-preview:-1"},"og_locale":"fr_FR","og_type":"article","og_title":"Personnes a\u00een\u00e9es et fiscalit\u00e9 - Association de personnes retrait\u00e9es de la FAE","og_description":"L&#8217;IRIS montre, dans une \u00e9tude parue r\u00e9cemment, que le gouvernement qu\u00e9b\u00e9cois a trop fr\u00e9quemment recours aux cr\u00e9dits d&#8217;imp\u00f4t, un outil fiscal qui s&#8217;av\u00e8re souvent inad\u00e9quat pour r\u00e9pondre aux enjeux de soci\u00e9t\u00e9 :\u2022 Improvis\u00e9s : Les gouvernements successifs ont cr\u00e9\u00e9 une multitude de cr\u00e9dits d&#8217;imp\u00f4t pour les personnes a\u00een\u00e9es du Qu\u00e9bec sur la base \u00ab un &hellip;","og_url":"https:\/\/www.capri-matique.com\/client\/aprfae5\/personnes-ainees-fiscalite\/","og_site_name":"Association de personnes retrait\u00e9es de la FAE","article_published_time":"2019-06-03T18:35:34+00:00","article_modified_time":"2019-06-03T18:37:23+00:00","twitter_card":"summary","twitter_misc":{"\u00c9crit par":"Chantal Couture","Dur\u00e9e de lecture estim\u00e9e":"1 minute"},"schema":{"@context":"https:\/\/schema.org","@graph":[{"@type":"WebSite","@id":"https:\/\/www.capri-matique.com\/client\/aprfae5\/#website","url":"https:\/\/www.capri-matique.com\/client\/aprfae5\/","name":"Association de personnes retrait\u00e9es de la FAE","description":"L&#039;association qui nous unit","potentialAction":[{"@type":"SearchAction","target":{"@type":"EntryPoint","urlTemplate":"https:\/\/www.capri-matique.com\/client\/aprfae5\/?s={search_term_string}"},"query-input":"required name=search_term_string"}],"inLanguage":"fr-FR"},{"@type":"WebPage","@id":"https:\/\/www.capri-matique.com\/client\/aprfae5\/personnes-ainees-fiscalite\/#webpage","url":"https:\/\/www.capri-matique.com\/client\/aprfae5\/personnes-ainees-fiscalite\/","name":"Personnes a\u00een\u00e9es et fiscalit\u00e9 - Association de personnes retrait\u00e9es de la FAE","isPartOf":{"@id":"https:\/\/www.capri-matique.com\/client\/aprfae5\/#website"},"datePublished":"2019-06-03T18:35:34+00:00","dateModified":"2019-06-03T18:37:23+00:00","author":{"@id":"https:\/\/www.capri-matique.com\/client\/aprfae5\/#\/schema\/person\/d49ddfd2ee6ceb42ef2fbcdda1753954"},"breadcrumb":{"@id":"https:\/\/www.capri-matique.com\/client\/aprfae5\/personnes-ainees-fiscalite\/#breadcrumb"},"inLanguage":"fr-FR","potentialAction":[{"@type":"ReadAction","target":["https:\/\/www.capri-matique.com\/client\/aprfae5\/personnes-ainees-fiscalite\/"]}]},{"@type":"BreadcrumbList","@id":"https:\/\/www.capri-matique.com\/client\/aprfae5\/personnes-ainees-fiscalite\/#breadcrumb","itemListElement":[{"@type":"ListItem","position":1,"name":"Accueil","item":"https:\/\/www.capri-matique.com\/client\/aprfae5\/"},{"@type":"ListItem","position":2,"name":"Personnes a\u00een\u00e9es et fiscalit\u00e9"}]},{"@type":"Person","@id":"https:\/\/www.capri-matique.com\/client\/aprfae5\/#\/schema\/person\/d49ddfd2ee6ceb42ef2fbcdda1753954","name":"Chantal Couture","url":"https:\/\/www.capri-matique.com\/client\/aprfae5\/author\/chantal-couture\/"}]}},"_links":{"self":[{"href":"https:\/\/www.capri-matique.com\/client\/aprfae5\/wp-json\/wp\/v2\/posts\/4469","targetHints":{"allow":["GET"]}}],"collection":[{"href":"https:\/\/www.capri-matique.com\/client\/aprfae5\/wp-json\/wp\/v2\/posts"}],"about":[{"href":"https:\/\/www.capri-matique.com\/client\/aprfae5\/wp-json\/wp\/v2\/types\/post"}],"author":[{"embeddable":true,"href":"https:\/\/www.capri-matique.com\/client\/aprfae5\/wp-json\/wp\/v2\/users\/2"}],"replies":[{"embeddable":true,"href":"https:\/\/www.capri-matique.com\/client\/aprfae5\/wp-json\/wp\/v2\/comments?post=4469"}],"version-history":[{"count":2,"href":"https:\/\/www.capri-matique.com\/client\/aprfae5\/wp-json\/wp\/v2\/posts\/4469\/revisions"}],"predecessor-version":[{"id":4471,"href":"https:\/\/www.capri-matique.com\/client\/aprfae5\/wp-json\/wp\/v2\/posts\/4469\/revisions\/4471"}],"wp:attachment":[{"href":"https:\/\/www.capri-matique.com\/client\/aprfae5\/wp-json\/wp\/v2\/media?parent=4469"}],"wp:term":[{"taxonomy":"category","embeddable":true,"href":"https:\/\/www.capri-matique.com\/client\/aprfae5\/wp-json\/wp\/v2\/categories?post=4469"},{"taxonomy":"post_tag","embeddable":true,"href":"https:\/\/www.capri-matique.com\/client\/aprfae5\/wp-json\/wp\/v2\/tags?post=4469"}],"curies":[{"name":"wp","href":"https:\/\/api.w.org\/{rel}","templated":true}]}}