{"id":4146,"date":"2019-04-23T09:50:15","date_gmt":"2019-04-23T13:50:15","guid":{"rendered":"https:\/\/capri-matique.com\/client\/aprfae5\/?p=4146"},"modified":"2019-04-23T10:03:14","modified_gmt":"2019-04-23T14:03:14","slug":"devoilement-resultat-nouvelle-ecole-tomarine","status":"publish","type":"post","link":"https:\/\/www.capri-matique.com\/client\/aprfae5\/devoilement-resultat-nouvelle-ecole-tomarine\/","title":{"rendered":"D\u00e9voilement des r\u00e9sultats, Nouvelle \u00e9cole la Tomarine"},"content":{"rendered":"<p style=\"background-color: transparent; color: #171717; font-family: &amp;quot; telex&amp;quot;,&amp;quot;helvetica neue&amp;quot;,helvetica,arial,sans-serif; font-size: 15px; font-style: normal; font-variant: normal; font-weight: 400; letter-spacing: normal; max-width: 726px; orphans: 2; text-align: justify; text-decoration: none; text-indent: 0px; text-transform: none; -webkit-text-stroke-width: 0px; white-space: normal; word-spacing: 0px;\"><span style=\"color: #000000; font-family: verdana,geneva,sans-serif; font-size: 16px; max-width: 100%;\">L\u2019APRFAE est fi\u00e8re de d\u00e9voiler le r\u00e9sultat de sa premi\u00e8re lev\u00e9e de fonds au profit de la Nouvelle \u00e9cole La Tomarine, en Ha\u00efti. C\u2019est avec \u00e9motion que le Conseil d\u2019administration a remis un ch\u00e8que symbolique au montant de 1\u00a0659,80$ \u00e0 Mme Perp\u00e9tue SULNEY, le 16 avril dernier.<\/span><\/p>\n<p style=\"background-color: transparent; color: #171717; font-family: &amp;quot; telex&amp;quot;,&amp;quot;helvetica neue&amp;quot;,helvetica,arial,sans-serif; font-size: 15px; font-style: normal; font-variant: normal; font-weight: 400; letter-spacing: normal; max-width: 726px; orphans: 2; text-align: justify; text-decoration: none; text-indent: 0px; text-transform: none; -webkit-text-stroke-width: 0px; white-space: normal; word-spacing: 0px;\"><span style=\"color: #000000; font-family: verdana,geneva,sans-serif; font-size: 16px; max-width: 100%;\">Cette campagne \u00e9tait men\u00e9e conjointement par l\u2019Association de personnes retrait\u00e9es de la FAE et la Fondation \u00e9ducation Camp-Perrin. Mme Sulney, membre de l\u2019association, est la directrice de cette fondation qui \u0153uvre pour la qualit\u00e9 et l\u2019accessibilit\u00e9 de l\u2019\u00e9ducation en Ha\u00efti.<\/span><\/p>\n<p style=\"background-color: transparent; color: #171717; font-family: &amp;quot; telex&amp;quot;,&amp;quot;helvetica neue&amp;quot;,helvetica,arial,sans-serif; font-size: 15px; font-style: normal; font-variant: normal; font-weight: 400; letter-spacing: normal; max-width: 726px; orphans: 2; text-align: justify; text-decoration: none; text-indent: 0px; text-transform: none; -webkit-text-stroke-width: 0px; white-space: normal; word-spacing: 0px;\"><span style=\"color: #000000; font-family: verdana,geneva,sans-serif; font-size: 16px; max-width: 100%;\">Rappelons que le village de La Tomarine avait \u00e9t\u00e9 durement touch\u00e9 par l\u2019ouragan Matthew en 2016 et que l\u2019\u00e9cole avait \u00e9t\u00e9 d\u00e9truite. Visiblement \u00e9mue, Mme Sulney a soulign\u00e9 de nouveau l\u2019importance de garder l\u2019\u00e9cole sur place, afin que les enfants n\u2019aient plus \u00e0 effectuer un trajet, souvent p\u00e9rilleux, pour \u00eatre scolaris\u00e9s loin de leur domicile. \u00ab\u00a0Vous aurez aid\u00e9 des enfants, et vous aurez contribu\u00e9 \u00e0 sauver des vies\u00a0\u00bb a-t-elle d\u00e9clar\u00e9. \u00ab\u00a0Les enfants ne doivent plus traverser la rivi\u00e8re pour aller \u00e0 l\u2019\u00e9cole\u00a0\u00bb.<\/span><\/p>\n<p style=\"background-color: transparent; color: #171717; font-family: &amp;quot; telex&amp;quot;,&amp;quot;helvetica neue&amp;quot;,helvetica,arial,sans-serif; font-size: 15px; font-style: normal; font-variant: normal; font-weight: 400; letter-spacing: normal; max-width: 726px; orphans: 2; text-align: justify; text-decoration: none; text-indent: 0px; text-transform: none; -webkit-text-stroke-width: 0px; white-space: normal; word-spacing: 0px;\"><span style=\"color: #000000; font-family: verdana,geneva,sans-serif; font-size: 16px; max-width: 100%;\">Plus d&#8217;une centaine de personnes ont contribu\u00e9 \u00e0 cette campagne qui rendra possible l\u2019achat de mat\u00e9riaux de construction. Cette lev\u00e9e de fonds est le fruit d\u2019une collaboration qui aura permis de rassembler les membres de l\u2019Association autour d\u2019un projet humanitaire, dont nous pourrons voir bient\u00f4t les r\u00e9sultats. <\/span><\/p>\n<p style=\"background-color: transparent; color: #171717; font-family: &amp;quot; telex&amp;quot;,&amp;quot;helvetica neue&amp;quot;,helvetica,arial,sans-serif; font-size: 15px; font-style: normal; font-variant: normal; font-weight: 400; letter-spacing: normal; max-width: 726px; orphans: 2; text-align: justify; text-decoration: none; text-indent: 0px; text-transform: none; -webkit-text-stroke-width: 0px; white-space: normal; word-spacing: 0px;\"><span style=\"color: #000000; font-family: verdana,geneva,sans-serif; font-size: 18.66px; max-width: 100%;\"><span style=\"font-size: 16px; max-width: 100%;\">Un grand merci \u00e0 tous les donateurs!<\/span> <\/span><\/p>\n<p>&nbsp;<\/p>\n","protected":false},"excerpt":{"rendered":"<p>L\u2019APRFAE est fi\u00e8re de d\u00e9voiler le r\u00e9sultat de sa premi\u00e8re lev\u00e9e de fonds au profit de la Nouvelle \u00e9cole La Tomarine, en Ha\u00efti. C\u2019est avec \u00e9motion que le Conseil d\u2019administration a remis un ch\u00e8que symbolique au montant de 1\u00a0659,80$ \u00e0 Mme Perp\u00e9tue SULNEY, le 16 avril dernier. Cette campagne \u00e9tait men\u00e9e conjointement par l\u2019Association de &hellip;<\/p>\n","protected":false},"author":2,"featured_media":0,"comment_status":"closed","ping_status":"open","sticky":false,"template":"","format":"standard","meta":{"footnotes":""},"categories":[1],"tags":[],"class_list":["post-4146","post","type-post","status-publish","format-standard","hentry","category-uncategorized"],"yoast_head":"<!-- This site is optimized with the Yoast SEO plugin v17.3 - https:\/\/yoast.com\/wordpress\/plugins\/seo\/ -->\n<title>D\u00e9voilement des r\u00e9sultats, Nouvelle \u00e9cole la Tomarine - Association de personnes retrait\u00e9es de la FAE<\/title>\n<meta name=\"robots\" content=\"noindex, follow, max-snippet:-1, max-image-preview:large, max-video-preview:-1\" \/>\n<meta property=\"og:locale\" content=\"fr_FR\" \/>\n<meta property=\"og:type\" content=\"article\" \/>\n<meta property=\"og:title\" content=\"D\u00e9voilement des r\u00e9sultats, Nouvelle \u00e9cole la Tomarine - Association de personnes retrait\u00e9es de la FAE\" \/>\n<meta property=\"og:description\" content=\"L\u2019APRFAE est fi\u00e8re de d\u00e9voiler le r\u00e9sultat de sa premi\u00e8re lev\u00e9e de fonds au profit de la Nouvelle \u00e9cole La Tomarine, en Ha\u00efti. C\u2019est avec \u00e9motion que le Conseil d\u2019administration a remis un ch\u00e8que symbolique au montant de 1\u00a0659,80$ \u00e0 Mme Perp\u00e9tue SULNEY, le 16 avril dernier. Cette campagne \u00e9tait men\u00e9e conjointement par l\u2019Association de &hellip;\" \/>\n<meta property=\"og:url\" content=\"https:\/\/www.capri-matique.com\/client\/aprfae5\/devoilement-resultat-nouvelle-ecole-tomarine\/\" \/>\n<meta property=\"og:site_name\" content=\"Association de personnes retrait\u00e9es de la FAE\" \/>\n<meta property=\"article:published_time\" content=\"2019-04-23T13:50:15+00:00\" \/>\n<meta property=\"article:modified_time\" content=\"2019-04-23T14:03:14+00:00\" \/>\n<meta name=\"twitter:card\" content=\"summary\" \/>\n<meta name=\"twitter:label1\" content=\"\u00c9crit par\" \/>\n\t<meta name=\"twitter:data1\" content=\"Chantal Couture\" \/>\n\t<meta name=\"twitter:label2\" content=\"Dur\u00e9e de lecture estim\u00e9e\" \/>\n\t<meta name=\"twitter:data2\" content=\"1 minute\" \/>\n<script type=\"application\/ld+json\" class=\"yoast-schema-graph\">{\"@context\":\"https:\/\/schema.org\",\"@graph\":[{\"@type\":\"WebSite\",\"@id\":\"https:\/\/www.capri-matique.com\/client\/aprfae5\/#website\",\"url\":\"https:\/\/www.capri-matique.com\/client\/aprfae5\/\",\"name\":\"Association de personnes retrait\\u00e9es de la FAE\",\"description\":\"L&#039;association qui nous unit\",\"potentialAction\":[{\"@type\":\"SearchAction\",\"target\":{\"@type\":\"EntryPoint\",\"urlTemplate\":\"https:\/\/www.capri-matique.com\/client\/aprfae5\/?s={search_term_string}\"},\"query-input\":\"required name=search_term_string\"}],\"inLanguage\":\"fr-FR\"},{\"@type\":\"WebPage\",\"@id\":\"https:\/\/www.capri-matique.com\/client\/aprfae5\/devoilement-resultat-nouvelle-ecole-tomarine\/#webpage\",\"url\":\"https:\/\/www.capri-matique.com\/client\/aprfae5\/devoilement-resultat-nouvelle-ecole-tomarine\/\",\"name\":\"D\\u00e9voilement des r\\u00e9sultats, Nouvelle \\u00e9cole la Tomarine - Association de personnes retrait\\u00e9es de la FAE\",\"isPartOf\":{\"@id\":\"https:\/\/www.capri-matique.com\/client\/aprfae5\/#website\"},\"datePublished\":\"2019-04-23T13:50:15+00:00\",\"dateModified\":\"2019-04-23T14:03:14+00:00\",\"author\":{\"@id\":\"https:\/\/www.capri-matique.com\/client\/aprfae5\/#\/schema\/person\/d49ddfd2ee6ceb42ef2fbcdda1753954\"},\"breadcrumb\":{\"@id\":\"https:\/\/www.capri-matique.com\/client\/aprfae5\/devoilement-resultat-nouvelle-ecole-tomarine\/#breadcrumb\"},\"inLanguage\":\"fr-FR\",\"potentialAction\":[{\"@type\":\"ReadAction\",\"target\":[\"https:\/\/www.capri-matique.com\/client\/aprfae5\/devoilement-resultat-nouvelle-ecole-tomarine\/\"]}]},{\"@type\":\"BreadcrumbList\",\"@id\":\"https:\/\/www.capri-matique.com\/client\/aprfae5\/devoilement-resultat-nouvelle-ecole-tomarine\/#breadcrumb\",\"itemListElement\":[{\"@type\":\"ListItem\",\"position\":1,\"name\":\"Accueil\",\"item\":\"https:\/\/www.capri-matique.com\/client\/aprfae5\/\"},{\"@type\":\"ListItem\",\"position\":2,\"name\":\"D\\u00e9voilement des r\\u00e9sultats, Nouvelle \\u00e9cole la Tomarine\"}]},{\"@type\":\"Person\",\"@id\":\"https:\/\/www.capri-matique.com\/client\/aprfae5\/#\/schema\/person\/d49ddfd2ee6ceb42ef2fbcdda1753954\",\"name\":\"Chantal Couture\",\"url\":\"https:\/\/www.capri-matique.com\/client\/aprfae5\/author\/chantal-couture\/\"}]}<\/script>\n<!-- \/ Yoast SEO plugin. -->","yoast_head_json":{"title":"D\u00e9voilement des r\u00e9sultats, Nouvelle \u00e9cole la Tomarine - Association de personnes retrait\u00e9es de la FAE","robots":{"index":"noindex","follow":"follow","max-snippet":"max-snippet:-1","max-image-preview":"max-image-preview:large","max-video-preview":"max-video-preview:-1"},"og_locale":"fr_FR","og_type":"article","og_title":"D\u00e9voilement des r\u00e9sultats, Nouvelle \u00e9cole la Tomarine - Association de personnes retrait\u00e9es de la FAE","og_description":"L\u2019APRFAE est fi\u00e8re de d\u00e9voiler le r\u00e9sultat de sa premi\u00e8re lev\u00e9e de fonds au profit de la Nouvelle \u00e9cole La Tomarine, en Ha\u00efti. C\u2019est avec \u00e9motion que le Conseil d\u2019administration a remis un ch\u00e8que symbolique au montant de 1\u00a0659,80$ \u00e0 Mme Perp\u00e9tue SULNEY, le 16 avril dernier. Cette campagne \u00e9tait men\u00e9e conjointement par l\u2019Association de &hellip;","og_url":"https:\/\/www.capri-matique.com\/client\/aprfae5\/devoilement-resultat-nouvelle-ecole-tomarine\/","og_site_name":"Association de personnes retrait\u00e9es de la FAE","article_published_time":"2019-04-23T13:50:15+00:00","article_modified_time":"2019-04-23T14:03:14+00:00","twitter_card":"summary","twitter_misc":{"\u00c9crit par":"Chantal Couture","Dur\u00e9e de lecture estim\u00e9e":"1 minute"},"schema":{"@context":"https:\/\/schema.org","@graph":[{"@type":"WebSite","@id":"https:\/\/www.capri-matique.com\/client\/aprfae5\/#website","url":"https:\/\/www.capri-matique.com\/client\/aprfae5\/","name":"Association de personnes retrait\u00e9es de la FAE","description":"L&#039;association qui nous unit","potentialAction":[{"@type":"SearchAction","target":{"@type":"EntryPoint","urlTemplate":"https:\/\/www.capri-matique.com\/client\/aprfae5\/?s={search_term_string}"},"query-input":"required name=search_term_string"}],"inLanguage":"fr-FR"},{"@type":"WebPage","@id":"https:\/\/www.capri-matique.com\/client\/aprfae5\/devoilement-resultat-nouvelle-ecole-tomarine\/#webpage","url":"https:\/\/www.capri-matique.com\/client\/aprfae5\/devoilement-resultat-nouvelle-ecole-tomarine\/","name":"D\u00e9voilement des r\u00e9sultats, Nouvelle \u00e9cole la Tomarine - Association de personnes retrait\u00e9es de la FAE","isPartOf":{"@id":"https:\/\/www.capri-matique.com\/client\/aprfae5\/#website"},"datePublished":"2019-04-23T13:50:15+00:00","dateModified":"2019-04-23T14:03:14+00:00","author":{"@id":"https:\/\/www.capri-matique.com\/client\/aprfae5\/#\/schema\/person\/d49ddfd2ee6ceb42ef2fbcdda1753954"},"breadcrumb":{"@id":"https:\/\/www.capri-matique.com\/client\/aprfae5\/devoilement-resultat-nouvelle-ecole-tomarine\/#breadcrumb"},"inLanguage":"fr-FR","potentialAction":[{"@type":"ReadAction","target":["https:\/\/www.capri-matique.com\/client\/aprfae5\/devoilement-resultat-nouvelle-ecole-tomarine\/"]}]},{"@type":"BreadcrumbList","@id":"https:\/\/www.capri-matique.com\/client\/aprfae5\/devoilement-resultat-nouvelle-ecole-tomarine\/#breadcrumb","itemListElement":[{"@type":"ListItem","position":1,"name":"Accueil","item":"https:\/\/www.capri-matique.com\/client\/aprfae5\/"},{"@type":"ListItem","position":2,"name":"D\u00e9voilement des r\u00e9sultats, Nouvelle \u00e9cole la Tomarine"}]},{"@type":"Person","@id":"https:\/\/www.capri-matique.com\/client\/aprfae5\/#\/schema\/person\/d49ddfd2ee6ceb42ef2fbcdda1753954","name":"Chantal Couture","url":"https:\/\/www.capri-matique.com\/client\/aprfae5\/author\/chantal-couture\/"}]}},"_links":{"self":[{"href":"https:\/\/www.capri-matique.com\/client\/aprfae5\/wp-json\/wp\/v2\/posts\/4146","targetHints":{"allow":["GET"]}}],"collection":[{"href":"https:\/\/www.capri-matique.com\/client\/aprfae5\/wp-json\/wp\/v2\/posts"}],"about":[{"href":"https:\/\/www.capri-matique.com\/client\/aprfae5\/wp-json\/wp\/v2\/types\/post"}],"author":[{"embeddable":true,"href":"https:\/\/www.capri-matique.com\/client\/aprfae5\/wp-json\/wp\/v2\/users\/2"}],"replies":[{"embeddable":true,"href":"https:\/\/www.capri-matique.com\/client\/aprfae5\/wp-json\/wp\/v2\/comments?post=4146"}],"version-history":[{"count":3,"href":"https:\/\/www.capri-matique.com\/client\/aprfae5\/wp-json\/wp\/v2\/posts\/4146\/revisions"}],"predecessor-version":[{"id":4152,"href":"https:\/\/www.capri-matique.com\/client\/aprfae5\/wp-json\/wp\/v2\/posts\/4146\/revisions\/4152"}],"wp:attachment":[{"href":"https:\/\/www.capri-matique.com\/client\/aprfae5\/wp-json\/wp\/v2\/media?parent=4146"}],"wp:term":[{"taxonomy":"category","embeddable":true,"href":"https:\/\/www.capri-matique.com\/client\/aprfae5\/wp-json\/wp\/v2\/categories?post=4146"},{"taxonomy":"post_tag","embeddable":true,"href":"https:\/\/www.capri-matique.com\/client\/aprfae5\/wp-json\/wp\/v2\/tags?post=4146"}],"curies":[{"name":"wp","href":"https:\/\/api.w.org\/{rel}","templated":true}]}}