{"id":4133,"date":"2019-04-23T09:18:52","date_gmt":"2019-04-23T13:18:52","guid":{"rendered":"https:\/\/capri-matique.com\/client\/aprfae5\/?p=4133"},"modified":"2019-04-23T09:20:48","modified_gmt":"2019-04-23T13:20:48","slug":"quebec-genereux-envers-lindustrie-pharmaceutique","status":"publish","type":"post","link":"https:\/\/www.capri-matique.com\/client\/aprfae5\/quebec-genereux-envers-lindustrie-pharmaceutique\/","title":{"rendered":"Le Qu\u00e9bec est-il trop g\u00e9n\u00e9reux envers l\u2019industrie pharmaceutique ?"},"content":{"rendered":"<p style=\"background-color: transparent; color: #171717; font-family: &amp;quot; telex&amp;quot;,&amp;quot;helvetica neue&amp;quot;,helvetica,arial,sans-serif; font-size: 15px; font-style: normal; font-variant: normal; font-weight: 400; letter-spacing: normal; max-width: 726px; orphans: 2; text-align: justify; text-decoration: none; text-indent: 0px; text-transform: none; -webkit-text-stroke-width: 0px; white-space: normal; word-spacing: 0px;\"><span style=\"margin: 0px; line-height: 17.33px; font-family: verdana,geneva,sans-serif; font-size: 16px; max-width: 100%;\"><span style=\"color: #000000; max-width: 100%;\">Il y a vingt ans, le Qu\u00e9bec s\u2019est tourn\u00e9 vers un syst\u00e8me d\u2019assurance hybride alliant public et priv\u00e9. Au cours des derni\u00e8res ann\u00e9es, ce choix a souvent \u00e9t\u00e9 remis en cause. Une note socio\u00e9conomique publi\u00e9e par l&#8217;IRIS en f\u00e9vrier 2019 explore plus avant l\u2019\u00e9volution de l\u2019industrie pharmaceutique. Nous vous proposons de prendre connaissance de cette publication pour en apprendre plus sur les raisons politiques, \u00e9conomiques et industrielles qui ont motiv\u00e9 ce choix de r\u00e9gime, ainsi que sur les importantes mutations auxquelles a depuis fait face l\u2019industrie pharmaceutique mondiale. Les cons\u00e9quences sur l\u2019emploi de ce secteur au Qu\u00e9bec y sont \u00e9galement \u00e9tudi\u00e9es.<\/span><\/span><\/p>\n<p style=\"background-color: transparent; color: #171717; font-family: &amp;quot; telex&amp;quot;,&amp;quot;helvetica neue&amp;quot;,helvetica,arial,sans-serif; font-size: 15px; font-style: normal; font-variant: normal; font-weight: 400; letter-spacing: normal; max-width: 726px; orphans: 2; text-align: justify; text-decoration: none; text-indent: 0px; text-transform: none; -webkit-text-stroke-width: 0px; white-space: normal; word-spacing: 0px;\"><span style=\"margin: 0px; line-height: 17.33px; font-family: verdana,geneva,sans-serif; font-size: 16px; max-width: 100%;\"><span style=\"color: #000000; max-width: 100%;\">Selon les \u00e9conomistes de l\u2019IRIS, l\u2019\u00c9tat gagnerait \u00e9conomiquement et socialement \u00e0 r\u00e9orienter son action et ses financements vers le secteur public.<\/span><\/span><\/p>\n<p style=\"background-color: transparent; color: #171717; font-family: &amp;quot; telex&amp;quot;,&amp;quot;helvetica neue&amp;quot;,helvetica,arial,sans-serif; font-size: 15px; font-style: normal; font-variant: normal; font-weight: 400; letter-spacing: normal; max-width: 726px; orphans: 2; text-align: left; text-decoration: none; text-indent: 0px; text-transform: none; -webkit-text-stroke-width: 0px; white-space: normal; word-spacing: 0px;\"><span style=\"font-family: verdana,geneva,sans-serif;\"><a style=\"color: #000000; font-weight: bold; max-width: 100%; text-decoration: underline;\" href=\"https:\/\/iris-recherche.qc.ca\/publications\/pharmaceutique\" target=\"_blank\" rel=\"noopener\"><span style=\"font-family: &amp;quot; verdana&amp;quot;,sans-serif; font-size: 16px; line-height: 17.33px; max-width: 100%; margin: 0px;\"><span style=\"color: #000000; max-width: 100%;\">Voyez pourquoi!<\/span><\/span><\/a><\/span><\/p>\n<p style=\"text-align: left; color: #171717; text-transform: none; text-indent: 0px; letter-spacing: normal; font-size: 15px; font-style: normal; font-variant: normal; font-weight: 400; text-decoration: none; word-spacing: 0px; white-space: normal; max-width: 726px; orphans: 2; -webkit-text-stroke-width: 0px; background-color: transparent;\"><span style=\"font-family: verdana,geneva,sans-serif;\"><em style=\"max-width: 100%;\">L&#8217;APRFAE est partenaire de l&#8217;IRIS<\/em><\/span><\/p>\n<p>&nbsp;<\/p>\n","protected":false},"excerpt":{"rendered":"<p>Il y a vingt ans, le Qu\u00e9bec s\u2019est tourn\u00e9 vers un syst\u00e8me d\u2019assurance hybride alliant public et priv\u00e9. Au cours des derni\u00e8res ann\u00e9es, ce choix a souvent \u00e9t\u00e9 remis en cause. Une note socio\u00e9conomique publi\u00e9e par l&#8217;IRIS en f\u00e9vrier 2019 explore plus avant l\u2019\u00e9volution de l\u2019industrie pharmaceutique. Nous vous proposons de prendre connaissance de cette &hellip;<\/p>\n","protected":false},"author":2,"featured_media":0,"comment_status":"closed","ping_status":"open","sticky":false,"template":"","format":"standard","meta":{"footnotes":""},"categories":[1],"tags":[],"class_list":["post-4133","post","type-post","status-publish","format-standard","hentry","category-uncategorized"],"yoast_head":"<!-- This site is optimized with the Yoast SEO plugin v17.3 - https:\/\/yoast.com\/wordpress\/plugins\/seo\/ -->\n<title>Le Qu\u00e9bec est-il trop g\u00e9n\u00e9reux envers l\u2019industrie pharmaceutique ? - Association de personnes retrait\u00e9es de la FAE<\/title>\n<meta name=\"robots\" content=\"noindex, follow, max-snippet:-1, max-image-preview:large, max-video-preview:-1\" \/>\n<meta property=\"og:locale\" content=\"fr_FR\" \/>\n<meta property=\"og:type\" content=\"article\" \/>\n<meta property=\"og:title\" content=\"Le Qu\u00e9bec est-il trop g\u00e9n\u00e9reux envers l\u2019industrie pharmaceutique ? - Association de personnes retrait\u00e9es de la FAE\" \/>\n<meta property=\"og:description\" content=\"Il y a vingt ans, le Qu\u00e9bec s\u2019est tourn\u00e9 vers un syst\u00e8me d\u2019assurance hybride alliant public et priv\u00e9. Au cours des derni\u00e8res ann\u00e9es, ce choix a souvent \u00e9t\u00e9 remis en cause. Une note socio\u00e9conomique publi\u00e9e par l&#8217;IRIS en f\u00e9vrier 2019 explore plus avant l\u2019\u00e9volution de l\u2019industrie pharmaceutique. Nous vous proposons de prendre connaissance de cette &hellip;\" \/>\n<meta property=\"og:url\" content=\"https:\/\/www.capri-matique.com\/client\/aprfae5\/quebec-genereux-envers-lindustrie-pharmaceutique\/\" \/>\n<meta property=\"og:site_name\" content=\"Association de personnes retrait\u00e9es de la FAE\" \/>\n<meta property=\"article:published_time\" content=\"2019-04-23T13:18:52+00:00\" \/>\n<meta property=\"article:modified_time\" content=\"2019-04-23T13:20:48+00:00\" \/>\n<meta name=\"twitter:card\" content=\"summary\" \/>\n<meta name=\"twitter:label1\" content=\"\u00c9crit par\" \/>\n\t<meta name=\"twitter:data1\" content=\"Chantal Couture\" \/>\n\t<meta name=\"twitter:label2\" content=\"Dur\u00e9e de lecture estim\u00e9e\" \/>\n\t<meta name=\"twitter:data2\" content=\"1 minute\" \/>\n<script type=\"application\/ld+json\" class=\"yoast-schema-graph\">{\"@context\":\"https:\/\/schema.org\",\"@graph\":[{\"@type\":\"WebSite\",\"@id\":\"https:\/\/www.capri-matique.com\/client\/aprfae5\/#website\",\"url\":\"https:\/\/www.capri-matique.com\/client\/aprfae5\/\",\"name\":\"Association de personnes retrait\\u00e9es de la FAE\",\"description\":\"L&#039;association qui nous unit\",\"potentialAction\":[{\"@type\":\"SearchAction\",\"target\":{\"@type\":\"EntryPoint\",\"urlTemplate\":\"https:\/\/www.capri-matique.com\/client\/aprfae5\/?s={search_term_string}\"},\"query-input\":\"required name=search_term_string\"}],\"inLanguage\":\"fr-FR\"},{\"@type\":\"WebPage\",\"@id\":\"https:\/\/www.capri-matique.com\/client\/aprfae5\/quebec-genereux-envers-lindustrie-pharmaceutique\/#webpage\",\"url\":\"https:\/\/www.capri-matique.com\/client\/aprfae5\/quebec-genereux-envers-lindustrie-pharmaceutique\/\",\"name\":\"Le Qu\\u00e9bec est-il trop g\\u00e9n\\u00e9reux envers l\\u2019industrie pharmaceutique ? - Association de personnes retrait\\u00e9es de la FAE\",\"isPartOf\":{\"@id\":\"https:\/\/www.capri-matique.com\/client\/aprfae5\/#website\"},\"datePublished\":\"2019-04-23T13:18:52+00:00\",\"dateModified\":\"2019-04-23T13:20:48+00:00\",\"author\":{\"@id\":\"https:\/\/www.capri-matique.com\/client\/aprfae5\/#\/schema\/person\/d49ddfd2ee6ceb42ef2fbcdda1753954\"},\"breadcrumb\":{\"@id\":\"https:\/\/www.capri-matique.com\/client\/aprfae5\/quebec-genereux-envers-lindustrie-pharmaceutique\/#breadcrumb\"},\"inLanguage\":\"fr-FR\",\"potentialAction\":[{\"@type\":\"ReadAction\",\"target\":[\"https:\/\/www.capri-matique.com\/client\/aprfae5\/quebec-genereux-envers-lindustrie-pharmaceutique\/\"]}]},{\"@type\":\"BreadcrumbList\",\"@id\":\"https:\/\/www.capri-matique.com\/client\/aprfae5\/quebec-genereux-envers-lindustrie-pharmaceutique\/#breadcrumb\",\"itemListElement\":[{\"@type\":\"ListItem\",\"position\":1,\"name\":\"Accueil\",\"item\":\"https:\/\/www.capri-matique.com\/client\/aprfae5\/\"},{\"@type\":\"ListItem\",\"position\":2,\"name\":\"Le Qu\\u00e9bec est-il trop g\\u00e9n\\u00e9reux envers l\\u2019industrie pharmaceutique ?\"}]},{\"@type\":\"Person\",\"@id\":\"https:\/\/www.capri-matique.com\/client\/aprfae5\/#\/schema\/person\/d49ddfd2ee6ceb42ef2fbcdda1753954\",\"name\":\"Chantal Couture\",\"url\":\"https:\/\/www.capri-matique.com\/client\/aprfae5\/author\/chantal-couture\/\"}]}<\/script>\n<!-- \/ Yoast SEO plugin. -->","yoast_head_json":{"title":"Le Qu\u00e9bec est-il trop g\u00e9n\u00e9reux envers l\u2019industrie pharmaceutique ? - Association de personnes retrait\u00e9es de la FAE","robots":{"index":"noindex","follow":"follow","max-snippet":"max-snippet:-1","max-image-preview":"max-image-preview:large","max-video-preview":"max-video-preview:-1"},"og_locale":"fr_FR","og_type":"article","og_title":"Le Qu\u00e9bec est-il trop g\u00e9n\u00e9reux envers l\u2019industrie pharmaceutique ? - Association de personnes retrait\u00e9es de la FAE","og_description":"Il y a vingt ans, le Qu\u00e9bec s\u2019est tourn\u00e9 vers un syst\u00e8me d\u2019assurance hybride alliant public et priv\u00e9. Au cours des derni\u00e8res ann\u00e9es, ce choix a souvent \u00e9t\u00e9 remis en cause. Une note socio\u00e9conomique publi\u00e9e par l&#8217;IRIS en f\u00e9vrier 2019 explore plus avant l\u2019\u00e9volution de l\u2019industrie pharmaceutique. Nous vous proposons de prendre connaissance de cette &hellip;","og_url":"https:\/\/www.capri-matique.com\/client\/aprfae5\/quebec-genereux-envers-lindustrie-pharmaceutique\/","og_site_name":"Association de personnes retrait\u00e9es de la FAE","article_published_time":"2019-04-23T13:18:52+00:00","article_modified_time":"2019-04-23T13:20:48+00:00","twitter_card":"summary","twitter_misc":{"\u00c9crit par":"Chantal Couture","Dur\u00e9e de lecture estim\u00e9e":"1 minute"},"schema":{"@context":"https:\/\/schema.org","@graph":[{"@type":"WebSite","@id":"https:\/\/www.capri-matique.com\/client\/aprfae5\/#website","url":"https:\/\/www.capri-matique.com\/client\/aprfae5\/","name":"Association de personnes retrait\u00e9es de la FAE","description":"L&#039;association qui nous unit","potentialAction":[{"@type":"SearchAction","target":{"@type":"EntryPoint","urlTemplate":"https:\/\/www.capri-matique.com\/client\/aprfae5\/?s={search_term_string}"},"query-input":"required name=search_term_string"}],"inLanguage":"fr-FR"},{"@type":"WebPage","@id":"https:\/\/www.capri-matique.com\/client\/aprfae5\/quebec-genereux-envers-lindustrie-pharmaceutique\/#webpage","url":"https:\/\/www.capri-matique.com\/client\/aprfae5\/quebec-genereux-envers-lindustrie-pharmaceutique\/","name":"Le Qu\u00e9bec est-il trop g\u00e9n\u00e9reux envers l\u2019industrie pharmaceutique ? - Association de personnes retrait\u00e9es de la FAE","isPartOf":{"@id":"https:\/\/www.capri-matique.com\/client\/aprfae5\/#website"},"datePublished":"2019-04-23T13:18:52+00:00","dateModified":"2019-04-23T13:20:48+00:00","author":{"@id":"https:\/\/www.capri-matique.com\/client\/aprfae5\/#\/schema\/person\/d49ddfd2ee6ceb42ef2fbcdda1753954"},"breadcrumb":{"@id":"https:\/\/www.capri-matique.com\/client\/aprfae5\/quebec-genereux-envers-lindustrie-pharmaceutique\/#breadcrumb"},"inLanguage":"fr-FR","potentialAction":[{"@type":"ReadAction","target":["https:\/\/www.capri-matique.com\/client\/aprfae5\/quebec-genereux-envers-lindustrie-pharmaceutique\/"]}]},{"@type":"BreadcrumbList","@id":"https:\/\/www.capri-matique.com\/client\/aprfae5\/quebec-genereux-envers-lindustrie-pharmaceutique\/#breadcrumb","itemListElement":[{"@type":"ListItem","position":1,"name":"Accueil","item":"https:\/\/www.capri-matique.com\/client\/aprfae5\/"},{"@type":"ListItem","position":2,"name":"Le Qu\u00e9bec est-il trop g\u00e9n\u00e9reux envers l\u2019industrie pharmaceutique ?"}]},{"@type":"Person","@id":"https:\/\/www.capri-matique.com\/client\/aprfae5\/#\/schema\/person\/d49ddfd2ee6ceb42ef2fbcdda1753954","name":"Chantal Couture","url":"https:\/\/www.capri-matique.com\/client\/aprfae5\/author\/chantal-couture\/"}]}},"_links":{"self":[{"href":"https:\/\/www.capri-matique.com\/client\/aprfae5\/wp-json\/wp\/v2\/posts\/4133","targetHints":{"allow":["GET"]}}],"collection":[{"href":"https:\/\/www.capri-matique.com\/client\/aprfae5\/wp-json\/wp\/v2\/posts"}],"about":[{"href":"https:\/\/www.capri-matique.com\/client\/aprfae5\/wp-json\/wp\/v2\/types\/post"}],"author":[{"embeddable":true,"href":"https:\/\/www.capri-matique.com\/client\/aprfae5\/wp-json\/wp\/v2\/users\/2"}],"replies":[{"embeddable":true,"href":"https:\/\/www.capri-matique.com\/client\/aprfae5\/wp-json\/wp\/v2\/comments?post=4133"}],"version-history":[{"count":2,"href":"https:\/\/www.capri-matique.com\/client\/aprfae5\/wp-json\/wp\/v2\/posts\/4133\/revisions"}],"predecessor-version":[{"id":4135,"href":"https:\/\/www.capri-matique.com\/client\/aprfae5\/wp-json\/wp\/v2\/posts\/4133\/revisions\/4135"}],"wp:attachment":[{"href":"https:\/\/www.capri-matique.com\/client\/aprfae5\/wp-json\/wp\/v2\/media?parent=4133"}],"wp:term":[{"taxonomy":"category","embeddable":true,"href":"https:\/\/www.capri-matique.com\/client\/aprfae5\/wp-json\/wp\/v2\/categories?post=4133"},{"taxonomy":"post_tag","embeddable":true,"href":"https:\/\/www.capri-matique.com\/client\/aprfae5\/wp-json\/wp\/v2\/tags?post=4133"}],"curies":[{"name":"wp","href":"https:\/\/api.w.org\/{rel}","templated":true}]}}