{"id":3989,"date":"2019-04-04T09:06:54","date_gmt":"2019-04-04T13:06:54","guid":{"rendered":"https:\/\/capri-matique.com\/client\/aprfae5\/?p=3989"},"modified":"2019-04-04T09:08:33","modified_gmt":"2019-04-04T13:08:33","slug":"mobilisations-a-venir-lien-jour-de-terre","status":"publish","type":"post","link":"https:\/\/www.capri-matique.com\/client\/aprfae5\/mobilisations-a-venir-lien-jour-de-terre\/","title":{"rendered":"Mobilisations \u00e0 venir en lien avec le Jour de la Terre"},"content":{"rendered":"<p>Tous les membres et amis sont invit\u00e9s \u00e0 participer \u00e0 l\u2019\u00e9v\u00e9nement <i>Encerclons l\u2019Assembl\u00e9e nationale<\/i> du 22 avril, dans le cadre du Jour de la Terre. Cette action s\u2019adresse principalement aux jeunes, incluant les jeunes de c\u0153ur. Un syst\u00e8me de navette au co\u00fbt de 15$ par personne est disponible sur certains territoires de l\u2019APRFAE, soit Montr\u00e9al et Gatineau. Vous pouvez vous inscrire en remplissant le <a href=\"https:\/\/www.jourdelaterre.org\/qc\/participer-a-la-mobilisation\/\" target=\"_blank\" rel=\"noopener\">formulaire disponible sur internet<\/a>.<\/p>\n<p style=\"text-align: justify;\"><span style=\"font-family: verdana,geneva,sans-serif; font-size: 12pt;\"><span style=\"margin: 0px;\"><span style=\"color: #000000;\">Une autre manifestation se tiendra \u00e0 Montr\u00e9al le 27 avril, co-organis\u00e9e par la FAE. Vous pouvez consulter la <a style=\"color: #3070d1; font-weight: bold; max-width: 100%; text-decoration: none;\" href=\"https:\/\/www.facebook.com\/events\/557804044740067\/.\" target=\"_blank\" rel=\"noopener\">page Facebook de l\u2019\u00e9v\u00e9nement<\/a>, qui sera bonifi\u00e9e selon les d\u00e9veloppements.\u00a0<\/span><\/span><span style=\"margin: 0px;\"><span style=\"color: #000000;\">Le point de rencontre de la FAE sera la Place des Festivals.<\/span><\/span><\/span><\/p>\n<p style=\"text-align: justify;\"><span style=\"font-family: verdana,geneva,sans-serif; font-size: 12pt;\"><em style=\"max-width: 100%;\"><span style=\"margin: 0px;\"><span style=\"color: #000000;\">L\u2019APRFAE prend part \u00e0 certains comit\u00e9s de la FAE et fait partie int\u00e9grante du R\u00e9seau H\u00e9ros pour l\u2019environnement.<\/span><\/span><\/em><\/span><\/p>\n<p>Plus que jamais, il est temps d&#8217;agir!<\/p>\n<p>&nbsp;<\/p>\n","protected":false},"excerpt":{"rendered":"<p>Tous les membres et amis sont invit\u00e9s \u00e0 participer \u00e0 l\u2019\u00e9v\u00e9nement Encerclons l\u2019Assembl\u00e9e nationale du 22 avril, dans le cadre du Jour de la Terre. Cette action s\u2019adresse principalement aux jeunes, incluant les jeunes de c\u0153ur. Un syst\u00e8me de navette au co\u00fbt de 15$ par personne est disponible sur certains territoires de l\u2019APRFAE, soit Montr\u00e9al &hellip;<\/p>\n","protected":false},"author":2,"featured_media":0,"comment_status":"closed","ping_status":"open","sticky":false,"template":"","format":"standard","meta":{"footnotes":""},"categories":[1],"tags":[],"class_list":["post-3989","post","type-post","status-publish","format-standard","hentry","category-uncategorized"],"yoast_head":"<!-- This site is optimized with the Yoast SEO plugin v17.3 - https:\/\/yoast.com\/wordpress\/plugins\/seo\/ -->\n<title>Mobilisations \u00e0 venir en lien avec le Jour de la Terre - Association de personnes retrait\u00e9es de la FAE<\/title>\n<meta name=\"robots\" content=\"noindex, follow, max-snippet:-1, max-image-preview:large, max-video-preview:-1\" \/>\n<meta property=\"og:locale\" content=\"fr_FR\" \/>\n<meta property=\"og:type\" content=\"article\" \/>\n<meta property=\"og:title\" content=\"Mobilisations \u00e0 venir en lien avec le Jour de la Terre - Association de personnes retrait\u00e9es de la FAE\" \/>\n<meta property=\"og:description\" content=\"Tous les membres et amis sont invit\u00e9s \u00e0 participer \u00e0 l\u2019\u00e9v\u00e9nement Encerclons l\u2019Assembl\u00e9e nationale du 22 avril, dans le cadre du Jour de la Terre. Cette action s\u2019adresse principalement aux jeunes, incluant les jeunes de c\u0153ur. Un syst\u00e8me de navette au co\u00fbt de 15$ par personne est disponible sur certains territoires de l\u2019APRFAE, soit Montr\u00e9al &hellip;\" \/>\n<meta property=\"og:url\" content=\"https:\/\/www.capri-matique.com\/client\/aprfae5\/mobilisations-a-venir-lien-jour-de-terre\/\" \/>\n<meta property=\"og:site_name\" content=\"Association de personnes retrait\u00e9es de la FAE\" \/>\n<meta property=\"article:published_time\" content=\"2019-04-04T13:06:54+00:00\" \/>\n<meta property=\"article:modified_time\" content=\"2019-04-04T13:08:33+00:00\" \/>\n<meta name=\"twitter:card\" content=\"summary\" \/>\n<meta name=\"twitter:label1\" content=\"\u00c9crit par\" \/>\n\t<meta name=\"twitter:data1\" content=\"Chantal Couture\" \/>\n\t<meta name=\"twitter:label2\" content=\"Dur\u00e9e de lecture estim\u00e9e\" \/>\n\t<meta name=\"twitter:data2\" content=\"1 minute\" \/>\n<script type=\"application\/ld+json\" class=\"yoast-schema-graph\">{\"@context\":\"https:\/\/schema.org\",\"@graph\":[{\"@type\":\"WebSite\",\"@id\":\"https:\/\/www.capri-matique.com\/client\/aprfae5\/#website\",\"url\":\"https:\/\/www.capri-matique.com\/client\/aprfae5\/\",\"name\":\"Association de personnes retrait\\u00e9es de la FAE\",\"description\":\"L&#039;association qui nous unit\",\"potentialAction\":[{\"@type\":\"SearchAction\",\"target\":{\"@type\":\"EntryPoint\",\"urlTemplate\":\"https:\/\/www.capri-matique.com\/client\/aprfae5\/?s={search_term_string}\"},\"query-input\":\"required name=search_term_string\"}],\"inLanguage\":\"fr-FR\"},{\"@type\":\"WebPage\",\"@id\":\"https:\/\/www.capri-matique.com\/client\/aprfae5\/mobilisations-a-venir-lien-jour-de-terre\/#webpage\",\"url\":\"https:\/\/www.capri-matique.com\/client\/aprfae5\/mobilisations-a-venir-lien-jour-de-terre\/\",\"name\":\"Mobilisations \\u00e0 venir en lien avec le Jour de la Terre - Association de personnes retrait\\u00e9es de la FAE\",\"isPartOf\":{\"@id\":\"https:\/\/www.capri-matique.com\/client\/aprfae5\/#website\"},\"datePublished\":\"2019-04-04T13:06:54+00:00\",\"dateModified\":\"2019-04-04T13:08:33+00:00\",\"author\":{\"@id\":\"https:\/\/www.capri-matique.com\/client\/aprfae5\/#\/schema\/person\/d49ddfd2ee6ceb42ef2fbcdda1753954\"},\"breadcrumb\":{\"@id\":\"https:\/\/www.capri-matique.com\/client\/aprfae5\/mobilisations-a-venir-lien-jour-de-terre\/#breadcrumb\"},\"inLanguage\":\"fr-FR\",\"potentialAction\":[{\"@type\":\"ReadAction\",\"target\":[\"https:\/\/www.capri-matique.com\/client\/aprfae5\/mobilisations-a-venir-lien-jour-de-terre\/\"]}]},{\"@type\":\"BreadcrumbList\",\"@id\":\"https:\/\/www.capri-matique.com\/client\/aprfae5\/mobilisations-a-venir-lien-jour-de-terre\/#breadcrumb\",\"itemListElement\":[{\"@type\":\"ListItem\",\"position\":1,\"name\":\"Accueil\",\"item\":\"https:\/\/www.capri-matique.com\/client\/aprfae5\/\"},{\"@type\":\"ListItem\",\"position\":2,\"name\":\"Mobilisations \\u00e0 venir en lien avec le Jour de la Terre\"}]},{\"@type\":\"Person\",\"@id\":\"https:\/\/www.capri-matique.com\/client\/aprfae5\/#\/schema\/person\/d49ddfd2ee6ceb42ef2fbcdda1753954\",\"name\":\"Chantal Couture\",\"url\":\"https:\/\/www.capri-matique.com\/client\/aprfae5\/author\/chantal-couture\/\"}]}<\/script>\n<!-- \/ Yoast SEO plugin. -->","yoast_head_json":{"title":"Mobilisations \u00e0 venir en lien avec le Jour de la Terre - Association de personnes retrait\u00e9es de la FAE","robots":{"index":"noindex","follow":"follow","max-snippet":"max-snippet:-1","max-image-preview":"max-image-preview:large","max-video-preview":"max-video-preview:-1"},"og_locale":"fr_FR","og_type":"article","og_title":"Mobilisations \u00e0 venir en lien avec le Jour de la Terre - Association de personnes retrait\u00e9es de la FAE","og_description":"Tous les membres et amis sont invit\u00e9s \u00e0 participer \u00e0 l\u2019\u00e9v\u00e9nement Encerclons l\u2019Assembl\u00e9e nationale du 22 avril, dans le cadre du Jour de la Terre. Cette action s\u2019adresse principalement aux jeunes, incluant les jeunes de c\u0153ur. Un syst\u00e8me de navette au co\u00fbt de 15$ par personne est disponible sur certains territoires de l\u2019APRFAE, soit Montr\u00e9al &hellip;","og_url":"https:\/\/www.capri-matique.com\/client\/aprfae5\/mobilisations-a-venir-lien-jour-de-terre\/","og_site_name":"Association de personnes retrait\u00e9es de la FAE","article_published_time":"2019-04-04T13:06:54+00:00","article_modified_time":"2019-04-04T13:08:33+00:00","twitter_card":"summary","twitter_misc":{"\u00c9crit par":"Chantal Couture","Dur\u00e9e de lecture estim\u00e9e":"1 minute"},"schema":{"@context":"https:\/\/schema.org","@graph":[{"@type":"WebSite","@id":"https:\/\/www.capri-matique.com\/client\/aprfae5\/#website","url":"https:\/\/www.capri-matique.com\/client\/aprfae5\/","name":"Association de personnes retrait\u00e9es de la FAE","description":"L&#039;association qui nous unit","potentialAction":[{"@type":"SearchAction","target":{"@type":"EntryPoint","urlTemplate":"https:\/\/www.capri-matique.com\/client\/aprfae5\/?s={search_term_string}"},"query-input":"required name=search_term_string"}],"inLanguage":"fr-FR"},{"@type":"WebPage","@id":"https:\/\/www.capri-matique.com\/client\/aprfae5\/mobilisations-a-venir-lien-jour-de-terre\/#webpage","url":"https:\/\/www.capri-matique.com\/client\/aprfae5\/mobilisations-a-venir-lien-jour-de-terre\/","name":"Mobilisations \u00e0 venir en lien avec le Jour de la Terre - Association de personnes retrait\u00e9es de la FAE","isPartOf":{"@id":"https:\/\/www.capri-matique.com\/client\/aprfae5\/#website"},"datePublished":"2019-04-04T13:06:54+00:00","dateModified":"2019-04-04T13:08:33+00:00","author":{"@id":"https:\/\/www.capri-matique.com\/client\/aprfae5\/#\/schema\/person\/d49ddfd2ee6ceb42ef2fbcdda1753954"},"breadcrumb":{"@id":"https:\/\/www.capri-matique.com\/client\/aprfae5\/mobilisations-a-venir-lien-jour-de-terre\/#breadcrumb"},"inLanguage":"fr-FR","potentialAction":[{"@type":"ReadAction","target":["https:\/\/www.capri-matique.com\/client\/aprfae5\/mobilisations-a-venir-lien-jour-de-terre\/"]}]},{"@type":"BreadcrumbList","@id":"https:\/\/www.capri-matique.com\/client\/aprfae5\/mobilisations-a-venir-lien-jour-de-terre\/#breadcrumb","itemListElement":[{"@type":"ListItem","position":1,"name":"Accueil","item":"https:\/\/www.capri-matique.com\/client\/aprfae5\/"},{"@type":"ListItem","position":2,"name":"Mobilisations \u00e0 venir en lien avec le Jour de la Terre"}]},{"@type":"Person","@id":"https:\/\/www.capri-matique.com\/client\/aprfae5\/#\/schema\/person\/d49ddfd2ee6ceb42ef2fbcdda1753954","name":"Chantal Couture","url":"https:\/\/www.capri-matique.com\/client\/aprfae5\/author\/chantal-couture\/"}]}},"_links":{"self":[{"href":"https:\/\/www.capri-matique.com\/client\/aprfae5\/wp-json\/wp\/v2\/posts\/3989","targetHints":{"allow":["GET"]}}],"collection":[{"href":"https:\/\/www.capri-matique.com\/client\/aprfae5\/wp-json\/wp\/v2\/posts"}],"about":[{"href":"https:\/\/www.capri-matique.com\/client\/aprfae5\/wp-json\/wp\/v2\/types\/post"}],"author":[{"embeddable":true,"href":"https:\/\/www.capri-matique.com\/client\/aprfae5\/wp-json\/wp\/v2\/users\/2"}],"replies":[{"embeddable":true,"href":"https:\/\/www.capri-matique.com\/client\/aprfae5\/wp-json\/wp\/v2\/comments?post=3989"}],"version-history":[{"count":2,"href":"https:\/\/www.capri-matique.com\/client\/aprfae5\/wp-json\/wp\/v2\/posts\/3989\/revisions"}],"predecessor-version":[{"id":3991,"href":"https:\/\/www.capri-matique.com\/client\/aprfae5\/wp-json\/wp\/v2\/posts\/3989\/revisions\/3991"}],"wp:attachment":[{"href":"https:\/\/www.capri-matique.com\/client\/aprfae5\/wp-json\/wp\/v2\/media?parent=3989"}],"wp:term":[{"taxonomy":"category","embeddable":true,"href":"https:\/\/www.capri-matique.com\/client\/aprfae5\/wp-json\/wp\/v2\/categories?post=3989"},{"taxonomy":"post_tag","embeddable":true,"href":"https:\/\/www.capri-matique.com\/client\/aprfae5\/wp-json\/wp\/v2\/tags?post=3989"}],"curies":[{"name":"wp","href":"https:\/\/api.w.org\/{rel}","templated":true}]}}