{"id":3724,"date":"2019-02-27T09:39:57","date_gmt":"2019-02-27T14:39:57","guid":{"rendered":"https:\/\/capri-matique.com\/client\/aprfae5\/?p=3724"},"modified":"2019-02-27T09:39:57","modified_gmt":"2019-02-27T14:39:57","slug":"masse-sinvite-parlement-dottawa","status":"publish","type":"post","link":"https:\/\/www.capri-matique.com\/client\/aprfae5\/masse-sinvite-parlement-dottawa\/","title":{"rendered":"Le MASSE s&#8217;invite au Parlement d&#8217;Ottawa"},"content":{"rendered":"<p><!-- x-tinymce\/html --><\/p>\n<div class=\"typography\">\n<p style=\"text-align: justify;\"><span style=\"line-height: 150%; font-family: verdana,geneva,sans-serif; font-size: 12pt;\">Dans le cadre de sa campagne \u00ab\u00a0De travailleuses \u00e0 ch\u00f4meuses, m\u00eame injustice, m\u00eame combat!\u00a0\u00bb, le Mouvement autonome et solidaire des sans-emploi (MASSE) d\u00e9posera le 26 f\u00e9vrier prochain la signature de milliers de citoyennes et citoyens qui revendiquent un r\u00e9gime d&#8217;assurance-ch\u00f4mage juste et universel qui ne discrimine pas les femmes. Ce sera le moment de faire entendre haut et fort nos revendications.<\/span><\/p>\n<p style=\"text-align: justify;\"><span style=\"font-family: verdana,geneva,sans-serif; font-size: 12pt;\">Une conf\u00e9rence de presse se tiendra dans le foyer du Parlement d\u00e8s 13 h, suivie\u00a0<\/span><span style=\"font-family: verdana,geneva,sans-serif; font-size: 12pt;\">d\u2019une action ludique de visibilit\u00e9 \u00e0 l\u2019ext\u00e9rieur du Parlement. L\u2019action se veut familiale et festive, et a \u00e9t\u00e9 approuv\u00e9e par la s\u00e9curit\u00e9 du Parlement.<\/span><\/p>\n<p style=\"text-align: justify;\"><span style=\"font-family: verdana,geneva,sans-serif; font-size: 12pt;\">Notez \u00e9galement qu\u2019un autobus en partance de Montr\u00e9al sera fourni et qu\u2019un repas froid v\u00e9g\u00e9tarien sera servi aux personnes pr\u00e9sentes. Les d\u00e9tails seront envoy\u00e9es aux personnes <a href=\"https:\/\/docs.google.com\/forms\/d\/e\/1FAIpQLSdBBVg1Un7T0wXOf17Koya7McNTvF-5vZquPvs9w9hSRZ3JIA\/viewform\" target=\"_blank\" rel=\"noopener\"><u><span style=\"color: #0066cc;\">inscrites.<\/span><\/u><\/a><\/span><\/p>\n<\/div>\n<p style=\"text-align: justify;\"><em><span style=\"font-family: verdana,geneva,sans-serif;\">L&#8217;APRFAE soutient l&#8217;action du MASSE, gr\u00e2ce\u00a0\u00e0 l&#8217;implication des membres du comit\u00e9 d&#8217;action socio-politique.<\/span><\/em><\/p>\n<div class=\"typography\">\n<hr class=\"ttfmake-hr\" style=\"border-style: solid; border-top-width: 1px;\" \/>\n<\/div>\n<p>&nbsp;<\/p>\n","protected":false},"excerpt":{"rendered":"<p>Dans le cadre de sa campagne \u00ab\u00a0De travailleuses \u00e0 ch\u00f4meuses, m\u00eame injustice, m\u00eame combat!\u00a0\u00bb, le Mouvement autonome et solidaire des sans-emploi (MASSE) d\u00e9posera le 26 f\u00e9vrier prochain la signature de milliers de citoyennes et citoyens qui revendiquent un r\u00e9gime d&#8217;assurance-ch\u00f4mage juste et universel qui ne discrimine pas les femmes. Ce sera le moment de faire &hellip;<\/p>\n","protected":false},"author":2,"featured_media":0,"comment_status":"closed","ping_status":"open","sticky":false,"template":"","format":"standard","meta":{"footnotes":""},"categories":[1],"tags":[],"class_list":["post-3724","post","type-post","status-publish","format-standard","hentry","category-uncategorized"],"yoast_head":"<!-- This site is optimized with the Yoast SEO plugin v17.3 - https:\/\/yoast.com\/wordpress\/plugins\/seo\/ -->\n<title>Le MASSE s&#039;invite au Parlement d&#039;Ottawa - Association de personnes retrait\u00e9es de la FAE<\/title>\n<meta name=\"robots\" content=\"noindex, follow, max-snippet:-1, max-image-preview:large, max-video-preview:-1\" \/>\n<meta property=\"og:locale\" content=\"fr_FR\" \/>\n<meta property=\"og:type\" content=\"article\" \/>\n<meta property=\"og:title\" content=\"Le MASSE s&#039;invite au Parlement d&#039;Ottawa - Association de personnes retrait\u00e9es de la FAE\" \/>\n<meta property=\"og:description\" content=\"Dans le cadre de sa campagne \u00ab\u00a0De travailleuses \u00e0 ch\u00f4meuses, m\u00eame injustice, m\u00eame combat!\u00a0\u00bb, le Mouvement autonome et solidaire des sans-emploi (MASSE) d\u00e9posera le 26 f\u00e9vrier prochain la signature de milliers de citoyennes et citoyens qui revendiquent un r\u00e9gime d&#8217;assurance-ch\u00f4mage juste et universel qui ne discrimine pas les femmes. Ce sera le moment de faire &hellip;\" \/>\n<meta property=\"og:url\" content=\"https:\/\/www.capri-matique.com\/client\/aprfae5\/masse-sinvite-parlement-dottawa\/\" \/>\n<meta property=\"og:site_name\" content=\"Association de personnes retrait\u00e9es de la FAE\" \/>\n<meta property=\"article:published_time\" content=\"2019-02-27T14:39:57+00:00\" \/>\n<meta name=\"twitter:card\" content=\"summary\" \/>\n<meta name=\"twitter:label1\" content=\"\u00c9crit par\" \/>\n\t<meta name=\"twitter:data1\" content=\"Chantal Couture\" \/>\n\t<meta name=\"twitter:label2\" content=\"Dur\u00e9e de lecture estim\u00e9e\" \/>\n\t<meta name=\"twitter:data2\" content=\"1 minute\" \/>\n<script type=\"application\/ld+json\" class=\"yoast-schema-graph\">{\"@context\":\"https:\/\/schema.org\",\"@graph\":[{\"@type\":\"WebSite\",\"@id\":\"https:\/\/www.capri-matique.com\/client\/aprfae5\/#website\",\"url\":\"https:\/\/www.capri-matique.com\/client\/aprfae5\/\",\"name\":\"Association de personnes retrait\\u00e9es de la FAE\",\"description\":\"L&#039;association qui nous unit\",\"potentialAction\":[{\"@type\":\"SearchAction\",\"target\":{\"@type\":\"EntryPoint\",\"urlTemplate\":\"https:\/\/www.capri-matique.com\/client\/aprfae5\/?s={search_term_string}\"},\"query-input\":\"required name=search_term_string\"}],\"inLanguage\":\"fr-FR\"},{\"@type\":\"WebPage\",\"@id\":\"https:\/\/www.capri-matique.com\/client\/aprfae5\/masse-sinvite-parlement-dottawa\/#webpage\",\"url\":\"https:\/\/www.capri-matique.com\/client\/aprfae5\/masse-sinvite-parlement-dottawa\/\",\"name\":\"Le MASSE s'invite au Parlement d'Ottawa - Association de personnes retrait\\u00e9es de la FAE\",\"isPartOf\":{\"@id\":\"https:\/\/www.capri-matique.com\/client\/aprfae5\/#website\"},\"datePublished\":\"2019-02-27T14:39:57+00:00\",\"dateModified\":\"2019-02-27T14:39:57+00:00\",\"author\":{\"@id\":\"https:\/\/www.capri-matique.com\/client\/aprfae5\/#\/schema\/person\/d49ddfd2ee6ceb42ef2fbcdda1753954\"},\"breadcrumb\":{\"@id\":\"https:\/\/www.capri-matique.com\/client\/aprfae5\/masse-sinvite-parlement-dottawa\/#breadcrumb\"},\"inLanguage\":\"fr-FR\",\"potentialAction\":[{\"@type\":\"ReadAction\",\"target\":[\"https:\/\/www.capri-matique.com\/client\/aprfae5\/masse-sinvite-parlement-dottawa\/\"]}]},{\"@type\":\"BreadcrumbList\",\"@id\":\"https:\/\/www.capri-matique.com\/client\/aprfae5\/masse-sinvite-parlement-dottawa\/#breadcrumb\",\"itemListElement\":[{\"@type\":\"ListItem\",\"position\":1,\"name\":\"Accueil\",\"item\":\"https:\/\/www.capri-matique.com\/client\/aprfae5\/\"},{\"@type\":\"ListItem\",\"position\":2,\"name\":\"Le MASSE s&#8217;invite au Parlement d&#8217;Ottawa\"}]},{\"@type\":\"Person\",\"@id\":\"https:\/\/www.capri-matique.com\/client\/aprfae5\/#\/schema\/person\/d49ddfd2ee6ceb42ef2fbcdda1753954\",\"name\":\"Chantal Couture\",\"url\":\"https:\/\/www.capri-matique.com\/client\/aprfae5\/author\/chantal-couture\/\"}]}<\/script>\n<!-- \/ Yoast SEO plugin. -->","yoast_head_json":{"title":"Le MASSE s'invite au Parlement d'Ottawa - Association de personnes retrait\u00e9es de la FAE","robots":{"index":"noindex","follow":"follow","max-snippet":"max-snippet:-1","max-image-preview":"max-image-preview:large","max-video-preview":"max-video-preview:-1"},"og_locale":"fr_FR","og_type":"article","og_title":"Le MASSE s'invite au Parlement d'Ottawa - Association de personnes retrait\u00e9es de la FAE","og_description":"Dans le cadre de sa campagne \u00ab\u00a0De travailleuses \u00e0 ch\u00f4meuses, m\u00eame injustice, m\u00eame combat!\u00a0\u00bb, le Mouvement autonome et solidaire des sans-emploi (MASSE) d\u00e9posera le 26 f\u00e9vrier prochain la signature de milliers de citoyennes et citoyens qui revendiquent un r\u00e9gime d&#8217;assurance-ch\u00f4mage juste et universel qui ne discrimine pas les femmes. Ce sera le moment de faire &hellip;","og_url":"https:\/\/www.capri-matique.com\/client\/aprfae5\/masse-sinvite-parlement-dottawa\/","og_site_name":"Association de personnes retrait\u00e9es de la FAE","article_published_time":"2019-02-27T14:39:57+00:00","twitter_card":"summary","twitter_misc":{"\u00c9crit par":"Chantal Couture","Dur\u00e9e de lecture estim\u00e9e":"1 minute"},"schema":{"@context":"https:\/\/schema.org","@graph":[{"@type":"WebSite","@id":"https:\/\/www.capri-matique.com\/client\/aprfae5\/#website","url":"https:\/\/www.capri-matique.com\/client\/aprfae5\/","name":"Association de personnes retrait\u00e9es de la FAE","description":"L&#039;association qui nous unit","potentialAction":[{"@type":"SearchAction","target":{"@type":"EntryPoint","urlTemplate":"https:\/\/www.capri-matique.com\/client\/aprfae5\/?s={search_term_string}"},"query-input":"required name=search_term_string"}],"inLanguage":"fr-FR"},{"@type":"WebPage","@id":"https:\/\/www.capri-matique.com\/client\/aprfae5\/masse-sinvite-parlement-dottawa\/#webpage","url":"https:\/\/www.capri-matique.com\/client\/aprfae5\/masse-sinvite-parlement-dottawa\/","name":"Le MASSE s'invite au Parlement d'Ottawa - Association de personnes retrait\u00e9es de la FAE","isPartOf":{"@id":"https:\/\/www.capri-matique.com\/client\/aprfae5\/#website"},"datePublished":"2019-02-27T14:39:57+00:00","dateModified":"2019-02-27T14:39:57+00:00","author":{"@id":"https:\/\/www.capri-matique.com\/client\/aprfae5\/#\/schema\/person\/d49ddfd2ee6ceb42ef2fbcdda1753954"},"breadcrumb":{"@id":"https:\/\/www.capri-matique.com\/client\/aprfae5\/masse-sinvite-parlement-dottawa\/#breadcrumb"},"inLanguage":"fr-FR","potentialAction":[{"@type":"ReadAction","target":["https:\/\/www.capri-matique.com\/client\/aprfae5\/masse-sinvite-parlement-dottawa\/"]}]},{"@type":"BreadcrumbList","@id":"https:\/\/www.capri-matique.com\/client\/aprfae5\/masse-sinvite-parlement-dottawa\/#breadcrumb","itemListElement":[{"@type":"ListItem","position":1,"name":"Accueil","item":"https:\/\/www.capri-matique.com\/client\/aprfae5\/"},{"@type":"ListItem","position":2,"name":"Le MASSE s&#8217;invite au Parlement d&#8217;Ottawa"}]},{"@type":"Person","@id":"https:\/\/www.capri-matique.com\/client\/aprfae5\/#\/schema\/person\/d49ddfd2ee6ceb42ef2fbcdda1753954","name":"Chantal Couture","url":"https:\/\/www.capri-matique.com\/client\/aprfae5\/author\/chantal-couture\/"}]}},"_links":{"self":[{"href":"https:\/\/www.capri-matique.com\/client\/aprfae5\/wp-json\/wp\/v2\/posts\/3724","targetHints":{"allow":["GET"]}}],"collection":[{"href":"https:\/\/www.capri-matique.com\/client\/aprfae5\/wp-json\/wp\/v2\/posts"}],"about":[{"href":"https:\/\/www.capri-matique.com\/client\/aprfae5\/wp-json\/wp\/v2\/types\/post"}],"author":[{"embeddable":true,"href":"https:\/\/www.capri-matique.com\/client\/aprfae5\/wp-json\/wp\/v2\/users\/2"}],"replies":[{"embeddable":true,"href":"https:\/\/www.capri-matique.com\/client\/aprfae5\/wp-json\/wp\/v2\/comments?post=3724"}],"version-history":[{"count":1,"href":"https:\/\/www.capri-matique.com\/client\/aprfae5\/wp-json\/wp\/v2\/posts\/3724\/revisions"}],"predecessor-version":[{"id":3725,"href":"https:\/\/www.capri-matique.com\/client\/aprfae5\/wp-json\/wp\/v2\/posts\/3724\/revisions\/3725"}],"wp:attachment":[{"href":"https:\/\/www.capri-matique.com\/client\/aprfae5\/wp-json\/wp\/v2\/media?parent=3724"}],"wp:term":[{"taxonomy":"category","embeddable":true,"href":"https:\/\/www.capri-matique.com\/client\/aprfae5\/wp-json\/wp\/v2\/categories?post=3724"},{"taxonomy":"post_tag","embeddable":true,"href":"https:\/\/www.capri-matique.com\/client\/aprfae5\/wp-json\/wp\/v2\/tags?post=3724"}],"curies":[{"name":"wp","href":"https:\/\/api.w.org\/{rel}","templated":true}]}}