{"id":3707,"date":"2019-02-21T11:33:12","date_gmt":"2019-02-21T16:33:12","guid":{"rendered":"https:\/\/capri-matique.com\/client\/aprfae5\/?p=3707"},"modified":"2019-02-21T11:33:39","modified_gmt":"2019-02-21T16:33:39","slug":"journee-mondiale-de-justice-sociale","status":"publish","type":"post","link":"https:\/\/www.capri-matique.com\/client\/aprfae5\/journee-mondiale-de-justice-sociale\/","title":{"rendered":"Journ\u00e9e mondiale de la justice sociale"},"content":{"rendered":"<p><!-- x-tinymce\/html --><\/p>\n<p style=\"text-align: justify;\"><span style=\"font-family: verdana, geneva, sans-serif; font-size: 12pt;\">Le 20 f\u00e9vrier, dans le cadre de la Journ\u00e9e mondiale de la justice sociale, la Coalition Main rouge, en collaboration avec la campagne Engagez-vous pour le communautaire, lance un appel \u00e0 des mobilisations r\u00e9gionales unitaires.\u00a0<\/span><\/p>\n<p style=\"text-align: justify;\"><span style=\"font-family: verdana, geneva, sans-serif; font-size: 12pt;\">Apr\u00e8s plus d\u2019une d\u00e9cennie d\u2019aust\u00e9rit\u00e9, les dommages sont palpables et rien ne laisse pr\u00e9sager que les politiques n\u00e9olib\u00e9rales qui seront mises en \u0153uvre par le nouveau gouvernement am\u00e9lioreront les choses.\u00a0Nous devons rester vigilants et maintenir nos revendications en mati\u00e8re de services publics et de justice sociale.<\/span><\/p>\n<p style=\"text-align: justify;\"><span style=\"font-family: verdana, geneva, sans-serif; font-size: 12pt;\">Avec plus de 4 milliards $ de surplus et des mesures fiscales progressistes, le gouvernement a les moyens de r\u00e9investir dans l\u2019ensemble des services publics, de financer plus ad\u00e9quatement les programmes sociaux et de mieux soutenir les organismes d\u2019action communautaire autonome.\u00a0<\/span><\/p>\n<p style=\"text-align: justify;\"><span style=\"font-family: verdana, geneva, sans-serif; font-size: 12pt;\">Le comit\u00e9 d&#8217;action sociopolitique de l&#8217;APRFAE soutient la Coalition Main rouge et vous invite \u00e0 <a href=\"http:\/\/nonauxhausses.org\/mobilisations-unitaires-liste\/#more-4654\" target=\"_blank\" rel=\"noopener\"><u><span style=\"color: #0066cc;\">contacter les diff\u00e9rentes organisations r\u00e9gionales<\/span><\/u><\/a> afin de participer \u00e0 la mobilisation ou en conna\u00eetre les d\u00e9tails.<\/span><\/p>\n<p>&nbsp;<\/p>\n","protected":false},"excerpt":{"rendered":"<p>Le 20 f\u00e9vrier, dans le cadre de la Journ\u00e9e mondiale de la justice sociale, la Coalition Main rouge, en collaboration avec la campagne Engagez-vous pour le communautaire, lance un appel \u00e0 des mobilisations r\u00e9gionales unitaires.\u00a0 Apr\u00e8s plus d\u2019une d\u00e9cennie d\u2019aust\u00e9rit\u00e9, les dommages sont palpables et rien ne laisse pr\u00e9sager que les politiques n\u00e9olib\u00e9rales qui seront &hellip;<\/p>\n","protected":false},"author":2,"featured_media":0,"comment_status":"closed","ping_status":"open","sticky":false,"template":"","format":"standard","meta":{"footnotes":""},"categories":[1],"tags":[],"class_list":["post-3707","post","type-post","status-publish","format-standard","hentry","category-uncategorized"],"yoast_head":"<!-- This site is optimized with the Yoast SEO plugin v17.3 - https:\/\/yoast.com\/wordpress\/plugins\/seo\/ -->\n<title>Journ\u00e9e mondiale de la justice sociale - Association de personnes retrait\u00e9es de la FAE<\/title>\n<meta name=\"robots\" content=\"noindex, follow, max-snippet:-1, max-image-preview:large, max-video-preview:-1\" \/>\n<meta property=\"og:locale\" content=\"fr_FR\" \/>\n<meta property=\"og:type\" content=\"article\" \/>\n<meta property=\"og:title\" content=\"Journ\u00e9e mondiale de la justice sociale - Association de personnes retrait\u00e9es de la FAE\" \/>\n<meta property=\"og:description\" content=\"Le 20 f\u00e9vrier, dans le cadre de la Journ\u00e9e mondiale de la justice sociale, la Coalition Main rouge, en collaboration avec la campagne Engagez-vous pour le communautaire, lance un appel \u00e0 des mobilisations r\u00e9gionales unitaires.\u00a0 Apr\u00e8s plus d\u2019une d\u00e9cennie d\u2019aust\u00e9rit\u00e9, les dommages sont palpables et rien ne laisse pr\u00e9sager que les politiques n\u00e9olib\u00e9rales qui seront &hellip;\" \/>\n<meta property=\"og:url\" content=\"https:\/\/www.capri-matique.com\/client\/aprfae5\/journee-mondiale-de-justice-sociale\/\" \/>\n<meta property=\"og:site_name\" content=\"Association de personnes retrait\u00e9es de la FAE\" \/>\n<meta property=\"article:published_time\" content=\"2019-02-21T16:33:12+00:00\" \/>\n<meta property=\"article:modified_time\" content=\"2019-02-21T16:33:39+00:00\" \/>\n<meta name=\"twitter:card\" content=\"summary\" \/>\n<meta name=\"twitter:label1\" content=\"\u00c9crit par\" \/>\n\t<meta name=\"twitter:data1\" content=\"Chantal Couture\" \/>\n\t<meta name=\"twitter:label2\" content=\"Dur\u00e9e de lecture estim\u00e9e\" \/>\n\t<meta name=\"twitter:data2\" content=\"1 minute\" \/>\n<script type=\"application\/ld+json\" class=\"yoast-schema-graph\">{\"@context\":\"https:\/\/schema.org\",\"@graph\":[{\"@type\":\"WebSite\",\"@id\":\"https:\/\/www.capri-matique.com\/client\/aprfae5\/#website\",\"url\":\"https:\/\/www.capri-matique.com\/client\/aprfae5\/\",\"name\":\"Association de personnes retrait\\u00e9es de la FAE\",\"description\":\"L&#039;association qui nous unit\",\"potentialAction\":[{\"@type\":\"SearchAction\",\"target\":{\"@type\":\"EntryPoint\",\"urlTemplate\":\"https:\/\/www.capri-matique.com\/client\/aprfae5\/?s={search_term_string}\"},\"query-input\":\"required name=search_term_string\"}],\"inLanguage\":\"fr-FR\"},{\"@type\":\"WebPage\",\"@id\":\"https:\/\/www.capri-matique.com\/client\/aprfae5\/journee-mondiale-de-justice-sociale\/#webpage\",\"url\":\"https:\/\/www.capri-matique.com\/client\/aprfae5\/journee-mondiale-de-justice-sociale\/\",\"name\":\"Journ\\u00e9e mondiale de la justice sociale - Association de personnes retrait\\u00e9es de la FAE\",\"isPartOf\":{\"@id\":\"https:\/\/www.capri-matique.com\/client\/aprfae5\/#website\"},\"datePublished\":\"2019-02-21T16:33:12+00:00\",\"dateModified\":\"2019-02-21T16:33:39+00:00\",\"author\":{\"@id\":\"https:\/\/www.capri-matique.com\/client\/aprfae5\/#\/schema\/person\/d49ddfd2ee6ceb42ef2fbcdda1753954\"},\"breadcrumb\":{\"@id\":\"https:\/\/www.capri-matique.com\/client\/aprfae5\/journee-mondiale-de-justice-sociale\/#breadcrumb\"},\"inLanguage\":\"fr-FR\",\"potentialAction\":[{\"@type\":\"ReadAction\",\"target\":[\"https:\/\/www.capri-matique.com\/client\/aprfae5\/journee-mondiale-de-justice-sociale\/\"]}]},{\"@type\":\"BreadcrumbList\",\"@id\":\"https:\/\/www.capri-matique.com\/client\/aprfae5\/journee-mondiale-de-justice-sociale\/#breadcrumb\",\"itemListElement\":[{\"@type\":\"ListItem\",\"position\":1,\"name\":\"Accueil\",\"item\":\"https:\/\/www.capri-matique.com\/client\/aprfae5\/\"},{\"@type\":\"ListItem\",\"position\":2,\"name\":\"Journ\\u00e9e mondiale de la justice sociale\"}]},{\"@type\":\"Person\",\"@id\":\"https:\/\/www.capri-matique.com\/client\/aprfae5\/#\/schema\/person\/d49ddfd2ee6ceb42ef2fbcdda1753954\",\"name\":\"Chantal Couture\",\"url\":\"https:\/\/www.capri-matique.com\/client\/aprfae5\/author\/chantal-couture\/\"}]}<\/script>\n<!-- \/ Yoast SEO plugin. -->","yoast_head_json":{"title":"Journ\u00e9e mondiale de la justice sociale - Association de personnes retrait\u00e9es de la FAE","robots":{"index":"noindex","follow":"follow","max-snippet":"max-snippet:-1","max-image-preview":"max-image-preview:large","max-video-preview":"max-video-preview:-1"},"og_locale":"fr_FR","og_type":"article","og_title":"Journ\u00e9e mondiale de la justice sociale - Association de personnes retrait\u00e9es de la FAE","og_description":"Le 20 f\u00e9vrier, dans le cadre de la Journ\u00e9e mondiale de la justice sociale, la Coalition Main rouge, en collaboration avec la campagne Engagez-vous pour le communautaire, lance un appel \u00e0 des mobilisations r\u00e9gionales unitaires.\u00a0 Apr\u00e8s plus d\u2019une d\u00e9cennie d\u2019aust\u00e9rit\u00e9, les dommages sont palpables et rien ne laisse pr\u00e9sager que les politiques n\u00e9olib\u00e9rales qui seront &hellip;","og_url":"https:\/\/www.capri-matique.com\/client\/aprfae5\/journee-mondiale-de-justice-sociale\/","og_site_name":"Association de personnes retrait\u00e9es de la FAE","article_published_time":"2019-02-21T16:33:12+00:00","article_modified_time":"2019-02-21T16:33:39+00:00","twitter_card":"summary","twitter_misc":{"\u00c9crit par":"Chantal Couture","Dur\u00e9e de lecture estim\u00e9e":"1 minute"},"schema":{"@context":"https:\/\/schema.org","@graph":[{"@type":"WebSite","@id":"https:\/\/www.capri-matique.com\/client\/aprfae5\/#website","url":"https:\/\/www.capri-matique.com\/client\/aprfae5\/","name":"Association de personnes retrait\u00e9es de la FAE","description":"L&#039;association qui nous unit","potentialAction":[{"@type":"SearchAction","target":{"@type":"EntryPoint","urlTemplate":"https:\/\/www.capri-matique.com\/client\/aprfae5\/?s={search_term_string}"},"query-input":"required name=search_term_string"}],"inLanguage":"fr-FR"},{"@type":"WebPage","@id":"https:\/\/www.capri-matique.com\/client\/aprfae5\/journee-mondiale-de-justice-sociale\/#webpage","url":"https:\/\/www.capri-matique.com\/client\/aprfae5\/journee-mondiale-de-justice-sociale\/","name":"Journ\u00e9e mondiale de la justice sociale - Association de personnes retrait\u00e9es de la FAE","isPartOf":{"@id":"https:\/\/www.capri-matique.com\/client\/aprfae5\/#website"},"datePublished":"2019-02-21T16:33:12+00:00","dateModified":"2019-02-21T16:33:39+00:00","author":{"@id":"https:\/\/www.capri-matique.com\/client\/aprfae5\/#\/schema\/person\/d49ddfd2ee6ceb42ef2fbcdda1753954"},"breadcrumb":{"@id":"https:\/\/www.capri-matique.com\/client\/aprfae5\/journee-mondiale-de-justice-sociale\/#breadcrumb"},"inLanguage":"fr-FR","potentialAction":[{"@type":"ReadAction","target":["https:\/\/www.capri-matique.com\/client\/aprfae5\/journee-mondiale-de-justice-sociale\/"]}]},{"@type":"BreadcrumbList","@id":"https:\/\/www.capri-matique.com\/client\/aprfae5\/journee-mondiale-de-justice-sociale\/#breadcrumb","itemListElement":[{"@type":"ListItem","position":1,"name":"Accueil","item":"https:\/\/www.capri-matique.com\/client\/aprfae5\/"},{"@type":"ListItem","position":2,"name":"Journ\u00e9e mondiale de la justice sociale"}]},{"@type":"Person","@id":"https:\/\/www.capri-matique.com\/client\/aprfae5\/#\/schema\/person\/d49ddfd2ee6ceb42ef2fbcdda1753954","name":"Chantal Couture","url":"https:\/\/www.capri-matique.com\/client\/aprfae5\/author\/chantal-couture\/"}]}},"_links":{"self":[{"href":"https:\/\/www.capri-matique.com\/client\/aprfae5\/wp-json\/wp\/v2\/posts\/3707","targetHints":{"allow":["GET"]}}],"collection":[{"href":"https:\/\/www.capri-matique.com\/client\/aprfae5\/wp-json\/wp\/v2\/posts"}],"about":[{"href":"https:\/\/www.capri-matique.com\/client\/aprfae5\/wp-json\/wp\/v2\/types\/post"}],"author":[{"embeddable":true,"href":"https:\/\/www.capri-matique.com\/client\/aprfae5\/wp-json\/wp\/v2\/users\/2"}],"replies":[{"embeddable":true,"href":"https:\/\/www.capri-matique.com\/client\/aprfae5\/wp-json\/wp\/v2\/comments?post=3707"}],"version-history":[{"count":1,"href":"https:\/\/www.capri-matique.com\/client\/aprfae5\/wp-json\/wp\/v2\/posts\/3707\/revisions"}],"predecessor-version":[{"id":3708,"href":"https:\/\/www.capri-matique.com\/client\/aprfae5\/wp-json\/wp\/v2\/posts\/3707\/revisions\/3708"}],"wp:attachment":[{"href":"https:\/\/www.capri-matique.com\/client\/aprfae5\/wp-json\/wp\/v2\/media?parent=3707"}],"wp:term":[{"taxonomy":"category","embeddable":true,"href":"https:\/\/www.capri-matique.com\/client\/aprfae5\/wp-json\/wp\/v2\/categories?post=3707"},{"taxonomy":"post_tag","embeddable":true,"href":"https:\/\/www.capri-matique.com\/client\/aprfae5\/wp-json\/wp\/v2\/tags?post=3707"}],"curies":[{"name":"wp","href":"https:\/\/api.w.org\/{rel}","templated":true}]}}