{"id":3572,"date":"2019-02-01T09:11:18","date_gmt":"2019-02-01T14:11:18","guid":{"rendered":"https:\/\/capri-matique.com\/client\/aprfae5\/?p=3572"},"modified":"2019-02-01T09:44:12","modified_gmt":"2019-02-01T14:44:12","slug":"premier-projet-de-cooperation-internationale-laprfae","status":"publish","type":"post","link":"https:\/\/www.capri-matique.com\/client\/aprfae5\/premier-projet-de-cooperation-internationale-laprfae\/","title":{"rendered":"Premier projet de coop\u00e9ration internationale pour l\u2019APRFAE"},"content":{"rendered":"<p style=\"text-align: justify;\"><strong>Montr\u00e9al, le 1<sup>er<\/sup> f\u00e9vrier 2019<\/strong> \u2013 <strong>L\u2019Association de personnes retrait\u00e9es de la FAE<\/strong> est fi\u00e8re d\u2019annoncer la tenue de sa toute premi\u00e8re campagne de financement, au profit de la Nouvelle \u00e9cole La Tomarine, en Ha\u00efti. Du 1<sup>er<\/sup> f\u00e9vrier au 31 mars 2019, l\u2019APRFAE recueillera vos dons en vue de la reconstruction de la b\u00e2tisse, d\u00e9truite par l\u2019ouragan Matthew en 2016.<\/p>\n<p style=\"text-align: justify;\">Il s\u2019agit d\u2019un premier projet de coop\u00e9ration internationale pour l\u2019Association. Rappelons que ce projet fait partie du <em>Plan d\u2019action 2018-2019 de l\u2019APRFAE<\/em> et a \u00e9t\u00e9 adopt\u00e9 \u00e0 l\u2019unanimit\u00e9 par l\u2019Assembl\u00e9e g\u00e9n\u00e9rale du 14 novembre dernier. Cette cause s\u2019est impos\u00e9e naturellement \u00e0 l\u2019Association, \u00e9tant donn\u00e9 la pr\u00e9sence marqu\u00e9e de la diaspora ha\u00eftienne \u00e0 travers la province et son apport ind\u00e9niable au rayonnement du Qu\u00e9bec dans plusieurs sph\u00e8res d\u2019activit\u00e9, qu\u2019on pense aux arts, \u00e0 la politique et bien s\u00fbr, \u00e0 l\u2019\u00e9ducation. Il faut d\u2019ailleurs souligner que plusieurs membres de l\u2019Association sont issus de la communaut\u00e9 ha\u00eftienne, dont Mme Perp\u00e9tue Sulney, instigatrice de ce projet de reconstruction.<\/p>\n<p style=\"text-align: justify;\"><strong>\u00c0 propos de la Fondation \u00e9ducation Camp-Perrin\u00a0:<\/strong><\/p>\n<p style=\"text-align: justify;\">La\u00a0<strong>Fondation \u00c9ducation Camp-Perrin (FECP)\u00a0<\/strong>est un organisme qu\u00e9b\u00e9cois sans but lucratif ayant pour objectif de promouvoir et de valoriser une \u00e9ducation de qualit\u00e9\u00a0<em>pour les populations scolaires de Camp-Perrin et des environs. <\/em>Mme Sulney, originaire de Camp-Perrin, en est la directrice. Elle a fait carri\u00e8re en enseignement, au Qu\u00e9bec, pendant plus de 33 ans. Lors de ses nombreuses visites dans son village natal, elle rencontre r\u00e9guli\u00e8rement des enseignantes et des enseignants qui expriment le souhait d\u2019avoir acc\u00e8s \u00e0 son expertise et son aide p\u00e9dagogique est largement sollicit\u00e9e. C\u2019est de ces multiples rencontres que la Fondation \u00c9ducation Camp-Perrin (FECP) a vu le jour, il y a une quinzaine d\u2019ann\u00e9es.<\/p>\n<p style=\"text-align: justify;\"><strong>L\u2019\u00c9cole La Tomarine\u00a0:<\/strong><\/p>\n<p style=\"text-align: justify;\">Tomarin est un village situ\u00e9 dans le sud d\u2019Ha\u00efti \u00e0 environ 164 km \u00e0 l\u2019ouest de Port-au-Prince. Ce lieu fait partie de la 4<sup>e<\/sup> section rurale dans la localit\u00e9 de Moreau, \u00e0 la jonction des communes de Torbeck et de Camp-Perrin. La zone est d\u00e9munie d\u2019infrastructures, d\u2019\u00e9coles et de dispensaires. On peut compter plusieurs enfants par famille et le tiers des habitants repr\u00e9sente les enfants d\u2019\u00e2ge scolaire.<\/p>\n<p style=\"text-align: justify;\">Fond\u00e9e en 1978, l\u2019\u00c9cole La Tomarine offre une \u00e9ducation de base \u00e0 la population locale. Pour ce faire, on compte sur un corps enseignant form\u00e9 en \u00e9ducation et qui habite la r\u00e9gion. Aussi, le programme veut prendre en compte les parents et adultes d\u00e9sireux d\u2019apprendre \u00e0 lire et \u00e0 \u00e9crire. La reconstruction de l\u2019\u00e9cole permettra la renaissance de cette communaut\u00e9 et de son milieu de vie. Les enfants auront de nouveau la chance de rester sur place pour \u00e9tudier, sans mettre leur vie en danger.<\/p>\n<p style=\"text-align: justify;\">\u00ab\u00a0<em>En nous aidant, c\u2019est un enfant que vous sauvez, un enfant \u00e0 qui, vous donnez le droit d\u2019aller \u00e0 l\u2019\u00e9cole, un enfant qui va s\u00fbrement sortir de la mis\u00e8re parce que l\u2019\u00e9ducation c\u2019est la seule porte de sortie pour ces populations dans le besoin!<\/em>\u00a0\u00bb Perp\u00e9tue Sulney, responsable du projet de reconstruction.<\/p>\n<p style=\"text-align: justify;\"><strong>Comment sera utilis\u00e9 votre don<\/strong>\u00a0:<\/p>\n<p style=\"text-align: justify;\">Il faut savoir qu\u2019un don mineur pourra aider directement la population et fera une diff\u00e9rence. Par exemple, avec 100$ on peut\u00a0:<\/p>\n<ul style=\"text-align: justify;\">\n<li>Acheter 10 sacs de ciment<\/li>\n<li>Acheter 5 camions de gravier<\/li>\n<li>\u00c9quiper 4 enseignants pour la classe<\/li>\n<\/ul>\n<p style=\"text-align: justify;\">L\u2019argent sera remis \u00e0 Mme Sulney et achemin\u00e9 en totalit\u00e9 \u00e0 la population, directement l\u00e0 o\u00f9 les besoins sont les plus criants. Pour des raisons pratiques, les dons seront g\u00e9r\u00e9s par la Fondation QHASUQ (Fondation Qu\u00e9bec-Ha\u00efti pour une scolarisation universelle de qualit\u00e9). QHASUQ est un organisme de planification et de soutien des services sociaux immatricul\u00e9 au Qu\u00e9bec, et qui s\u2019occupe de la gestion financi\u00e8re de quatre fondations \u00e0 vocation \u00e9ducative. La FECP est partenaire de QHASUQ depuis 2 ans et cette entente permet aux intervenants sur le terrain de consacrer toute leur \u00e9nergie au d\u00e9veloppement et \u00e0 l\u2019am\u00e9lioration des services \u00e0 la population.<\/p>\n<p style=\"text-align: justify;\"><strong>Pour contribuer \u00e0 la campagne\u00a0:<\/strong><\/p>\n<p style=\"text-align: justify;\"><strong>\u00a0<\/strong>En remplissant le formulaire de don de la campagne de financement de l\u2019APRFAE-FECP, et en nous le retournant aux bureaux de l\u2019Association avec votre ch\u00e8que \u00e0 l\u2019ordre de Fondation QHASUQ, vous recevrez un re\u00e7u d\u2019imp\u00f4t \u00e0 la fin de l\u2019ann\u00e9e. Merci d\u2019ajouter <u>Pour\u00a0: Campagne APRFAE-FECP <\/u>\u00e0 l\u2019espace pr\u00e9vu \u00e0 cet effet sur le ch\u00e8que. (ligne au bas et \u00e0 gauche du ch\u00e8que)<\/p>\n<p style=\"text-align: justify;\">Pour suivre la Campagne de financement, abonnez-vous \u00e0 notre page <a href=\"https:\/\/www.facebook.com\/AprFae\/\" target=\"_blank\" rel=\"noopener\"><u>Facebook<\/u><\/a> ou visitez notre site internet \u00e0 aprfae.ca<\/p>\n<p style=\"text-align: justify;\">Pour t\u00e9l\u00e9charger le formulaire de dons, c\u2019est <a href=\"https:\/\/capri-matique.com\/client\/aprfae5\/wp-content\/uploads\/2019\/02\/Formulaire_Campagne_APRFAE_La_Tomarine.pdf\" target=\"_blank\" rel=\"noopener\"><u>ici<\/u>.<\/a><\/p>\n<p style=\"text-align: justify;\"><strong><em>L\u2019association qui nous unit<\/em><\/strong><\/p>\n<p style=\"text-align: justify;\"><em>L\u2019APRFAE est une association de personnes retrait\u00e9es provenant du secteur de l\u2019\u00e9ducation. Elle compte maintenant plus de 1\u00a0200 membres, r\u00e9partis dans 7 r\u00e9gions du Qu\u00e9bec. L\u2019APRFAE est affili\u00e9e \u00e0 la FAE.<\/em><\/p>\n<hr class=\"ttfmake-hr\" style=\"border-style: solid; border-top-width: 1px;\" \/>\n<p style=\"text-align: justify;\"><small>Source\u00a0: Marie-H\u00e9l\u00e8ne Bernard, Coordonnatrice de l\u2019APRFAE<\/small><br \/>\n<small>Courriel\u00a0: <a href=\"mailto:mh.bernard@aprfae.ca\">mh.bernard@aprfae.ca<\/a><\/small><br \/>\n<small>T\u00e9l\u00e9phone\u00a0: 514\u00a0666-6969, poste 301, Sans frais\u00a0: 1\u00a0877\u00a0312-1727<\/small><\/p>\n","protected":false},"excerpt":{"rendered":"<p>Montr\u00e9al, le 1er f\u00e9vrier 2019 \u2013 L\u2019Association de personnes retrait\u00e9es de la FAE est fi\u00e8re d\u2019annoncer la tenue de sa toute premi\u00e8re campagne de financement, au profit de la Nouvelle \u00e9cole La Tomarine, en Ha\u00efti. Du 1er f\u00e9vrier au 31 mars 2019, l\u2019APRFAE recueillera vos dons en vue de la reconstruction de la b\u00e2tisse, d\u00e9truite &hellip;<\/p>\n","protected":false},"author":2,"featured_media":0,"comment_status":"closed","ping_status":"open","sticky":false,"template":"","format":"standard","meta":{"footnotes":""},"categories":[1],"tags":[],"class_list":["post-3572","post","type-post","status-publish","format-standard","hentry","category-uncategorized"],"yoast_head":"<!-- This site is optimized with the Yoast SEO plugin v17.3 - https:\/\/yoast.com\/wordpress\/plugins\/seo\/ -->\n<title>Premier projet de coop\u00e9ration internationale pour l\u2019APRFAE - Association de personnes retrait\u00e9es de la FAE<\/title>\n<meta name=\"robots\" content=\"noindex, follow, max-snippet:-1, max-image-preview:large, max-video-preview:-1\" \/>\n<meta property=\"og:locale\" content=\"fr_FR\" \/>\n<meta property=\"og:type\" content=\"article\" \/>\n<meta property=\"og:title\" content=\"Premier projet de coop\u00e9ration internationale pour l\u2019APRFAE - Association de personnes retrait\u00e9es de la FAE\" \/>\n<meta property=\"og:description\" content=\"Montr\u00e9al, le 1er f\u00e9vrier 2019 \u2013 L\u2019Association de personnes retrait\u00e9es de la FAE est fi\u00e8re d\u2019annoncer la tenue de sa toute premi\u00e8re campagne de financement, au profit de la Nouvelle \u00e9cole La Tomarine, en Ha\u00efti. Du 1er f\u00e9vrier au 31 mars 2019, l\u2019APRFAE recueillera vos dons en vue de la reconstruction de la b\u00e2tisse, d\u00e9truite &hellip;\" \/>\n<meta property=\"og:url\" content=\"https:\/\/www.capri-matique.com\/client\/aprfae5\/premier-projet-de-cooperation-internationale-laprfae\/\" \/>\n<meta property=\"og:site_name\" content=\"Association de personnes retrait\u00e9es de la FAE\" \/>\n<meta property=\"article:published_time\" content=\"2019-02-01T14:11:18+00:00\" \/>\n<meta property=\"article:modified_time\" content=\"2019-02-01T14:44:12+00:00\" \/>\n<meta name=\"twitter:card\" content=\"summary\" \/>\n<meta name=\"twitter:label1\" content=\"\u00c9crit par\" \/>\n\t<meta name=\"twitter:data1\" content=\"Chantal Couture\" \/>\n\t<meta name=\"twitter:label2\" content=\"Dur\u00e9e de lecture estim\u00e9e\" \/>\n\t<meta name=\"twitter:data2\" content=\"4 minutes\" \/>\n<script type=\"application\/ld+json\" class=\"yoast-schema-graph\">{\"@context\":\"https:\/\/schema.org\",\"@graph\":[{\"@type\":\"WebSite\",\"@id\":\"https:\/\/www.capri-matique.com\/client\/aprfae5\/#website\",\"url\":\"https:\/\/www.capri-matique.com\/client\/aprfae5\/\",\"name\":\"Association de personnes retrait\\u00e9es de la FAE\",\"description\":\"L&#039;association qui nous unit\",\"potentialAction\":[{\"@type\":\"SearchAction\",\"target\":{\"@type\":\"EntryPoint\",\"urlTemplate\":\"https:\/\/www.capri-matique.com\/client\/aprfae5\/?s={search_term_string}\"},\"query-input\":\"required name=search_term_string\"}],\"inLanguage\":\"fr-FR\"},{\"@type\":\"WebPage\",\"@id\":\"https:\/\/www.capri-matique.com\/client\/aprfae5\/premier-projet-de-cooperation-internationale-laprfae\/#webpage\",\"url\":\"https:\/\/www.capri-matique.com\/client\/aprfae5\/premier-projet-de-cooperation-internationale-laprfae\/\",\"name\":\"Premier projet de coop\\u00e9ration internationale pour l\\u2019APRFAE - Association de personnes retrait\\u00e9es de la FAE\",\"isPartOf\":{\"@id\":\"https:\/\/www.capri-matique.com\/client\/aprfae5\/#website\"},\"datePublished\":\"2019-02-01T14:11:18+00:00\",\"dateModified\":\"2019-02-01T14:44:12+00:00\",\"author\":{\"@id\":\"https:\/\/www.capri-matique.com\/client\/aprfae5\/#\/schema\/person\/d49ddfd2ee6ceb42ef2fbcdda1753954\"},\"breadcrumb\":{\"@id\":\"https:\/\/www.capri-matique.com\/client\/aprfae5\/premier-projet-de-cooperation-internationale-laprfae\/#breadcrumb\"},\"inLanguage\":\"fr-FR\",\"potentialAction\":[{\"@type\":\"ReadAction\",\"target\":[\"https:\/\/www.capri-matique.com\/client\/aprfae5\/premier-projet-de-cooperation-internationale-laprfae\/\"]}]},{\"@type\":\"BreadcrumbList\",\"@id\":\"https:\/\/www.capri-matique.com\/client\/aprfae5\/premier-projet-de-cooperation-internationale-laprfae\/#breadcrumb\",\"itemListElement\":[{\"@type\":\"ListItem\",\"position\":1,\"name\":\"Accueil\",\"item\":\"https:\/\/www.capri-matique.com\/client\/aprfae5\/\"},{\"@type\":\"ListItem\",\"position\":2,\"name\":\"Premier projet de coop\\u00e9ration internationale pour l\\u2019APRFAE\"}]},{\"@type\":\"Person\",\"@id\":\"https:\/\/www.capri-matique.com\/client\/aprfae5\/#\/schema\/person\/d49ddfd2ee6ceb42ef2fbcdda1753954\",\"name\":\"Chantal Couture\",\"url\":\"https:\/\/www.capri-matique.com\/client\/aprfae5\/author\/chantal-couture\/\"}]}<\/script>\n<!-- \/ Yoast SEO plugin. -->","yoast_head_json":{"title":"Premier projet de coop\u00e9ration internationale pour l\u2019APRFAE - Association de personnes retrait\u00e9es de la FAE","robots":{"index":"noindex","follow":"follow","max-snippet":"max-snippet:-1","max-image-preview":"max-image-preview:large","max-video-preview":"max-video-preview:-1"},"og_locale":"fr_FR","og_type":"article","og_title":"Premier projet de coop\u00e9ration internationale pour l\u2019APRFAE - Association de personnes retrait\u00e9es de la FAE","og_description":"Montr\u00e9al, le 1er f\u00e9vrier 2019 \u2013 L\u2019Association de personnes retrait\u00e9es de la FAE est fi\u00e8re d\u2019annoncer la tenue de sa toute premi\u00e8re campagne de financement, au profit de la Nouvelle \u00e9cole La Tomarine, en Ha\u00efti. Du 1er f\u00e9vrier au 31 mars 2019, l\u2019APRFAE recueillera vos dons en vue de la reconstruction de la b\u00e2tisse, d\u00e9truite &hellip;","og_url":"https:\/\/www.capri-matique.com\/client\/aprfae5\/premier-projet-de-cooperation-internationale-laprfae\/","og_site_name":"Association de personnes retrait\u00e9es de la FAE","article_published_time":"2019-02-01T14:11:18+00:00","article_modified_time":"2019-02-01T14:44:12+00:00","twitter_card":"summary","twitter_misc":{"\u00c9crit par":"Chantal Couture","Dur\u00e9e de lecture estim\u00e9e":"4 minutes"},"schema":{"@context":"https:\/\/schema.org","@graph":[{"@type":"WebSite","@id":"https:\/\/www.capri-matique.com\/client\/aprfae5\/#website","url":"https:\/\/www.capri-matique.com\/client\/aprfae5\/","name":"Association de personnes retrait\u00e9es de la FAE","description":"L&#039;association qui nous unit","potentialAction":[{"@type":"SearchAction","target":{"@type":"EntryPoint","urlTemplate":"https:\/\/www.capri-matique.com\/client\/aprfae5\/?s={search_term_string}"},"query-input":"required name=search_term_string"}],"inLanguage":"fr-FR"},{"@type":"WebPage","@id":"https:\/\/www.capri-matique.com\/client\/aprfae5\/premier-projet-de-cooperation-internationale-laprfae\/#webpage","url":"https:\/\/www.capri-matique.com\/client\/aprfae5\/premier-projet-de-cooperation-internationale-laprfae\/","name":"Premier projet de coop\u00e9ration internationale pour l\u2019APRFAE - Association de personnes retrait\u00e9es de la FAE","isPartOf":{"@id":"https:\/\/www.capri-matique.com\/client\/aprfae5\/#website"},"datePublished":"2019-02-01T14:11:18+00:00","dateModified":"2019-02-01T14:44:12+00:00","author":{"@id":"https:\/\/www.capri-matique.com\/client\/aprfae5\/#\/schema\/person\/d49ddfd2ee6ceb42ef2fbcdda1753954"},"breadcrumb":{"@id":"https:\/\/www.capri-matique.com\/client\/aprfae5\/premier-projet-de-cooperation-internationale-laprfae\/#breadcrumb"},"inLanguage":"fr-FR","potentialAction":[{"@type":"ReadAction","target":["https:\/\/www.capri-matique.com\/client\/aprfae5\/premier-projet-de-cooperation-internationale-laprfae\/"]}]},{"@type":"BreadcrumbList","@id":"https:\/\/www.capri-matique.com\/client\/aprfae5\/premier-projet-de-cooperation-internationale-laprfae\/#breadcrumb","itemListElement":[{"@type":"ListItem","position":1,"name":"Accueil","item":"https:\/\/www.capri-matique.com\/client\/aprfae5\/"},{"@type":"ListItem","position":2,"name":"Premier projet de coop\u00e9ration internationale pour l\u2019APRFAE"}]},{"@type":"Person","@id":"https:\/\/www.capri-matique.com\/client\/aprfae5\/#\/schema\/person\/d49ddfd2ee6ceb42ef2fbcdda1753954","name":"Chantal Couture","url":"https:\/\/www.capri-matique.com\/client\/aprfae5\/author\/chantal-couture\/"}]}},"_links":{"self":[{"href":"https:\/\/www.capri-matique.com\/client\/aprfae5\/wp-json\/wp\/v2\/posts\/3572","targetHints":{"allow":["GET"]}}],"collection":[{"href":"https:\/\/www.capri-matique.com\/client\/aprfae5\/wp-json\/wp\/v2\/posts"}],"about":[{"href":"https:\/\/www.capri-matique.com\/client\/aprfae5\/wp-json\/wp\/v2\/types\/post"}],"author":[{"embeddable":true,"href":"https:\/\/www.capri-matique.com\/client\/aprfae5\/wp-json\/wp\/v2\/users\/2"}],"replies":[{"embeddable":true,"href":"https:\/\/www.capri-matique.com\/client\/aprfae5\/wp-json\/wp\/v2\/comments?post=3572"}],"version-history":[{"count":3,"href":"https:\/\/www.capri-matique.com\/client\/aprfae5\/wp-json\/wp\/v2\/posts\/3572\/revisions"}],"predecessor-version":[{"id":3587,"href":"https:\/\/www.capri-matique.com\/client\/aprfae5\/wp-json\/wp\/v2\/posts\/3572\/revisions\/3587"}],"wp:attachment":[{"href":"https:\/\/www.capri-matique.com\/client\/aprfae5\/wp-json\/wp\/v2\/media?parent=3572"}],"wp:term":[{"taxonomy":"category","embeddable":true,"href":"https:\/\/www.capri-matique.com\/client\/aprfae5\/wp-json\/wp\/v2\/categories?post=3572"},{"taxonomy":"post_tag","embeddable":true,"href":"https:\/\/www.capri-matique.com\/client\/aprfae5\/wp-json\/wp\/v2\/tags?post=3572"}],"curies":[{"name":"wp","href":"https:\/\/api.w.org\/{rel}","templated":true}]}}