{"id":3550,"date":"2019-01-30T09:26:52","date_gmt":"2019-01-30T14:26:52","guid":{"rendered":"https:\/\/capri-matique.com\/client\/aprfae5\/?p=3550"},"modified":"2019-01-30T09:26:52","modified_gmt":"2019-01-30T14:26:52","slug":"profs-de-region-de-quebec-choix-de-saffilier-a-fae","status":"publish","type":"post","link":"https:\/\/www.capri-matique.com\/client\/aprfae5\/profs-de-region-de-quebec-choix-de-saffilier-a-fae\/","title":{"rendered":"Les profs de la r\u00e9gion de Qu\u00e9bec font le choix de s\u2019affilier \u00e0 la FAE"},"content":{"rendered":"<section class=\"section--container\">\n<div class=\"typography\">\n<section class=\"section--container\">\n<div class=\"typography\">\n<h2 style=\"text-align: justify;\">C\u2019est avec enthousiasme que la FAE accueille les 5\u00a0000 enseignantes et enseignants membres du Syndicat de la r\u00e9gion de Qu\u00e9bec (SERQ) qui ont vot\u00e9, \u00e0 82\u00a0%, pour quitter la FSE-CSQ et pour se joindre \u00e0 la FAE, une organisation fond\u00e9e par des profs et pour des profs.<\/h2>\n<\/div>\n<\/section>\n<p style=\"text-align: justify;\">D\u00e8s maintenant, les enseignantes et enseignants de Qu\u00e9bec, travaillant pour la Commission scolaire de la Capitale (CSC) et pour la Commission scolaire des Premi\u00e8res-Seigneuries (CSDPS), seront repr\u00e9sent\u00e9s par la FAE sur le plan national, notamment dans le cadre de la prochaine ronde de n\u00e9gociation qui doit permettre de renouveler le contrat de travail du personnel enseignant et qui arrivera \u00e0 \u00e9ch\u00e9ance en mars 2020. Avec l\u2019arriv\u00e9e du SERQ, la FAE repr\u00e9sente d\u00e9sormais plus de 43\u00a0000 profs, r\u00e9partis dans neuf syndicats affili\u00e9s, 950 \u00e9tablissements et sept r\u00e9gions diff\u00e9rentes, et r\u00e9unit les quatre plus grands p\u00f4les urbains du Qu\u00e9bec\u00a0: Montr\u00e9al, Qu\u00e9bec, Laval et Gatineau.<\/p>\n<\/div>\n<p style=\"text-align: justify;\">Pour voir le communiqu\u00e9 de presse, <a href=\"https:\/\/www.lafae.qc.ca\/wp-content\/uploads\/2019\/01\/comm_FAE_20190124_serq-affiliation.pdf\" target=\"_blank\" rel=\"noopener\">cliquer ici<\/a>.<\/p>\n<div class=\"typography\">\n<p style=\"text-align: justify;\">Source: La F\u00e9d\u00e9ration autonome de l\u2019enseignement<\/p>\n<\/div>\n<\/section>\n","protected":false},"excerpt":{"rendered":"<p>C\u2019est avec enthousiasme que la FAE accueille les 5\u00a0000 enseignantes et enseignants membres du Syndicat de la r\u00e9gion de Qu\u00e9bec (SERQ) qui ont vot\u00e9, \u00e0 82\u00a0%, pour quitter la FSE-CSQ et pour se joindre \u00e0 la FAE, une organisation fond\u00e9e par des profs et pour des profs. D\u00e8s maintenant, les enseignantes et enseignants de Qu\u00e9bec, &hellip;<\/p>\n","protected":false},"author":2,"featured_media":0,"comment_status":"closed","ping_status":"open","sticky":false,"template":"","format":"standard","meta":{"footnotes":""},"categories":[1],"tags":[],"class_list":["post-3550","post","type-post","status-publish","format-standard","hentry","category-uncategorized"],"yoast_head":"<!-- This site is optimized with the Yoast SEO plugin v17.3 - https:\/\/yoast.com\/wordpress\/plugins\/seo\/ -->\n<title>Les profs de la r\u00e9gion de Qu\u00e9bec font le choix de s\u2019affilier \u00e0 la FAE - Association de personnes retrait\u00e9es de la FAE<\/title>\n<meta name=\"robots\" content=\"noindex, follow, max-snippet:-1, max-image-preview:large, max-video-preview:-1\" \/>\n<meta property=\"og:locale\" content=\"fr_FR\" \/>\n<meta property=\"og:type\" content=\"article\" \/>\n<meta property=\"og:title\" content=\"Les profs de la r\u00e9gion de Qu\u00e9bec font le choix de s\u2019affilier \u00e0 la FAE - Association de personnes retrait\u00e9es de la FAE\" \/>\n<meta property=\"og:description\" content=\"C\u2019est avec enthousiasme que la FAE accueille les 5\u00a0000 enseignantes et enseignants membres du Syndicat de la r\u00e9gion de Qu\u00e9bec (SERQ) qui ont vot\u00e9, \u00e0 82\u00a0%, pour quitter la FSE-CSQ et pour se joindre \u00e0 la FAE, une organisation fond\u00e9e par des profs et pour des profs. D\u00e8s maintenant, les enseignantes et enseignants de Qu\u00e9bec, &hellip;\" \/>\n<meta property=\"og:url\" content=\"https:\/\/www.capri-matique.com\/client\/aprfae5\/profs-de-region-de-quebec-choix-de-saffilier-a-fae\/\" \/>\n<meta property=\"og:site_name\" content=\"Association de personnes retrait\u00e9es de la FAE\" \/>\n<meta property=\"article:published_time\" content=\"2019-01-30T14:26:52+00:00\" \/>\n<meta name=\"twitter:card\" content=\"summary\" \/>\n<meta name=\"twitter:label1\" content=\"\u00c9crit par\" \/>\n\t<meta name=\"twitter:data1\" content=\"Chantal Couture\" \/>\n\t<meta name=\"twitter:label2\" content=\"Dur\u00e9e de lecture estim\u00e9e\" \/>\n\t<meta name=\"twitter:data2\" content=\"1 minute\" \/>\n<script type=\"application\/ld+json\" class=\"yoast-schema-graph\">{\"@context\":\"https:\/\/schema.org\",\"@graph\":[{\"@type\":\"WebSite\",\"@id\":\"https:\/\/www.capri-matique.com\/client\/aprfae5\/#website\",\"url\":\"https:\/\/www.capri-matique.com\/client\/aprfae5\/\",\"name\":\"Association de personnes retrait\\u00e9es de la FAE\",\"description\":\"L&#039;association qui nous unit\",\"potentialAction\":[{\"@type\":\"SearchAction\",\"target\":{\"@type\":\"EntryPoint\",\"urlTemplate\":\"https:\/\/www.capri-matique.com\/client\/aprfae5\/?s={search_term_string}\"},\"query-input\":\"required name=search_term_string\"}],\"inLanguage\":\"fr-FR\"},{\"@type\":\"WebPage\",\"@id\":\"https:\/\/www.capri-matique.com\/client\/aprfae5\/profs-de-region-de-quebec-choix-de-saffilier-a-fae\/#webpage\",\"url\":\"https:\/\/www.capri-matique.com\/client\/aprfae5\/profs-de-region-de-quebec-choix-de-saffilier-a-fae\/\",\"name\":\"Les profs de la r\\u00e9gion de Qu\\u00e9bec font le choix de s\\u2019affilier \\u00e0 la FAE - Association de personnes retrait\\u00e9es de la FAE\",\"isPartOf\":{\"@id\":\"https:\/\/www.capri-matique.com\/client\/aprfae5\/#website\"},\"datePublished\":\"2019-01-30T14:26:52+00:00\",\"dateModified\":\"2019-01-30T14:26:52+00:00\",\"author\":{\"@id\":\"https:\/\/www.capri-matique.com\/client\/aprfae5\/#\/schema\/person\/d49ddfd2ee6ceb42ef2fbcdda1753954\"},\"breadcrumb\":{\"@id\":\"https:\/\/www.capri-matique.com\/client\/aprfae5\/profs-de-region-de-quebec-choix-de-saffilier-a-fae\/#breadcrumb\"},\"inLanguage\":\"fr-FR\",\"potentialAction\":[{\"@type\":\"ReadAction\",\"target\":[\"https:\/\/www.capri-matique.com\/client\/aprfae5\/profs-de-region-de-quebec-choix-de-saffilier-a-fae\/\"]}]},{\"@type\":\"BreadcrumbList\",\"@id\":\"https:\/\/www.capri-matique.com\/client\/aprfae5\/profs-de-region-de-quebec-choix-de-saffilier-a-fae\/#breadcrumb\",\"itemListElement\":[{\"@type\":\"ListItem\",\"position\":1,\"name\":\"Accueil\",\"item\":\"https:\/\/www.capri-matique.com\/client\/aprfae5\/\"},{\"@type\":\"ListItem\",\"position\":2,\"name\":\"Les profs de la r\\u00e9gion de Qu\\u00e9bec font le choix de s\\u2019affilier \\u00e0 la FAE\"}]},{\"@type\":\"Person\",\"@id\":\"https:\/\/www.capri-matique.com\/client\/aprfae5\/#\/schema\/person\/d49ddfd2ee6ceb42ef2fbcdda1753954\",\"name\":\"Chantal Couture\",\"url\":\"https:\/\/www.capri-matique.com\/client\/aprfae5\/author\/chantal-couture\/\"}]}<\/script>\n<!-- \/ Yoast SEO plugin. -->","yoast_head_json":{"title":"Les profs de la r\u00e9gion de Qu\u00e9bec font le choix de s\u2019affilier \u00e0 la FAE - Association de personnes retrait\u00e9es de la FAE","robots":{"index":"noindex","follow":"follow","max-snippet":"max-snippet:-1","max-image-preview":"max-image-preview:large","max-video-preview":"max-video-preview:-1"},"og_locale":"fr_FR","og_type":"article","og_title":"Les profs de la r\u00e9gion de Qu\u00e9bec font le choix de s\u2019affilier \u00e0 la FAE - Association de personnes retrait\u00e9es de la FAE","og_description":"C\u2019est avec enthousiasme que la FAE accueille les 5\u00a0000 enseignantes et enseignants membres du Syndicat de la r\u00e9gion de Qu\u00e9bec (SERQ) qui ont vot\u00e9, \u00e0 82\u00a0%, pour quitter la FSE-CSQ et pour se joindre \u00e0 la FAE, une organisation fond\u00e9e par des profs et pour des profs. D\u00e8s maintenant, les enseignantes et enseignants de Qu\u00e9bec, &hellip;","og_url":"https:\/\/www.capri-matique.com\/client\/aprfae5\/profs-de-region-de-quebec-choix-de-saffilier-a-fae\/","og_site_name":"Association de personnes retrait\u00e9es de la FAE","article_published_time":"2019-01-30T14:26:52+00:00","twitter_card":"summary","twitter_misc":{"\u00c9crit par":"Chantal Couture","Dur\u00e9e de lecture estim\u00e9e":"1 minute"},"schema":{"@context":"https:\/\/schema.org","@graph":[{"@type":"WebSite","@id":"https:\/\/www.capri-matique.com\/client\/aprfae5\/#website","url":"https:\/\/www.capri-matique.com\/client\/aprfae5\/","name":"Association de personnes retrait\u00e9es de la FAE","description":"L&#039;association qui nous unit","potentialAction":[{"@type":"SearchAction","target":{"@type":"EntryPoint","urlTemplate":"https:\/\/www.capri-matique.com\/client\/aprfae5\/?s={search_term_string}"},"query-input":"required name=search_term_string"}],"inLanguage":"fr-FR"},{"@type":"WebPage","@id":"https:\/\/www.capri-matique.com\/client\/aprfae5\/profs-de-region-de-quebec-choix-de-saffilier-a-fae\/#webpage","url":"https:\/\/www.capri-matique.com\/client\/aprfae5\/profs-de-region-de-quebec-choix-de-saffilier-a-fae\/","name":"Les profs de la r\u00e9gion de Qu\u00e9bec font le choix de s\u2019affilier \u00e0 la FAE - Association de personnes retrait\u00e9es de la FAE","isPartOf":{"@id":"https:\/\/www.capri-matique.com\/client\/aprfae5\/#website"},"datePublished":"2019-01-30T14:26:52+00:00","dateModified":"2019-01-30T14:26:52+00:00","author":{"@id":"https:\/\/www.capri-matique.com\/client\/aprfae5\/#\/schema\/person\/d49ddfd2ee6ceb42ef2fbcdda1753954"},"breadcrumb":{"@id":"https:\/\/www.capri-matique.com\/client\/aprfae5\/profs-de-region-de-quebec-choix-de-saffilier-a-fae\/#breadcrumb"},"inLanguage":"fr-FR","potentialAction":[{"@type":"ReadAction","target":["https:\/\/www.capri-matique.com\/client\/aprfae5\/profs-de-region-de-quebec-choix-de-saffilier-a-fae\/"]}]},{"@type":"BreadcrumbList","@id":"https:\/\/www.capri-matique.com\/client\/aprfae5\/profs-de-region-de-quebec-choix-de-saffilier-a-fae\/#breadcrumb","itemListElement":[{"@type":"ListItem","position":1,"name":"Accueil","item":"https:\/\/www.capri-matique.com\/client\/aprfae5\/"},{"@type":"ListItem","position":2,"name":"Les profs de la r\u00e9gion de Qu\u00e9bec font le choix de s\u2019affilier \u00e0 la FAE"}]},{"@type":"Person","@id":"https:\/\/www.capri-matique.com\/client\/aprfae5\/#\/schema\/person\/d49ddfd2ee6ceb42ef2fbcdda1753954","name":"Chantal Couture","url":"https:\/\/www.capri-matique.com\/client\/aprfae5\/author\/chantal-couture\/"}]}},"_links":{"self":[{"href":"https:\/\/www.capri-matique.com\/client\/aprfae5\/wp-json\/wp\/v2\/posts\/3550","targetHints":{"allow":["GET"]}}],"collection":[{"href":"https:\/\/www.capri-matique.com\/client\/aprfae5\/wp-json\/wp\/v2\/posts"}],"about":[{"href":"https:\/\/www.capri-matique.com\/client\/aprfae5\/wp-json\/wp\/v2\/types\/post"}],"author":[{"embeddable":true,"href":"https:\/\/www.capri-matique.com\/client\/aprfae5\/wp-json\/wp\/v2\/users\/2"}],"replies":[{"embeddable":true,"href":"https:\/\/www.capri-matique.com\/client\/aprfae5\/wp-json\/wp\/v2\/comments?post=3550"}],"version-history":[{"count":1,"href":"https:\/\/www.capri-matique.com\/client\/aprfae5\/wp-json\/wp\/v2\/posts\/3550\/revisions"}],"predecessor-version":[{"id":3551,"href":"https:\/\/www.capri-matique.com\/client\/aprfae5\/wp-json\/wp\/v2\/posts\/3550\/revisions\/3551"}],"wp:attachment":[{"href":"https:\/\/www.capri-matique.com\/client\/aprfae5\/wp-json\/wp\/v2\/media?parent=3550"}],"wp:term":[{"taxonomy":"category","embeddable":true,"href":"https:\/\/www.capri-matique.com\/client\/aprfae5\/wp-json\/wp\/v2\/categories?post=3550"},{"taxonomy":"post_tag","embeddable":true,"href":"https:\/\/www.capri-matique.com\/client\/aprfae5\/wp-json\/wp\/v2\/tags?post=3550"}],"curies":[{"name":"wp","href":"https:\/\/api.w.org\/{rel}","templated":true}]}}