{"id":3496,"date":"2019-01-07T13:54:16","date_gmt":"2019-01-07T18:54:16","guid":{"rendered":"https:\/\/capri-matique.com\/client\/aprfae5\/?p=3496"},"modified":"2019-01-07T13:54:16","modified_gmt":"2019-01-07T18:54:16","slug":"annee-exceptionnelle-laprfae","status":"publish","type":"post","link":"https:\/\/www.capri-matique.com\/client\/aprfae5\/annee-exceptionnelle-laprfae\/","title":{"rendered":"Une ann\u00e9e exceptionnelle pour l\u2019APRFAE"},"content":{"rendered":"<p style=\"text-align: justify;\">Apr\u00e8s un automne exaltant, notre bilan de mi-ann\u00e9e s\u2019av\u00e8re des plus positifs. \u00a0Tout d\u2019abord, avec la cr\u00e9ation du <em>R\u00e9gime d\u2019assurance collective de l\u2019APRFAE<\/em>, l\u2019Association bonifie de mani\u00e8re importante son offre de services. Plus que jamais, il sera avantageux d\u2019\u00eatre membre et ce r\u00e9gime est l\u2019aboutissement de plusieurs ann\u00e9es d\u2019efforts. Il faut aussi mentionner le travail assidu des diff\u00e9rents comit\u00e9s, qui rendent possible l\u2019atteinte de nos objectifs. Encore une fois, merci \u00e0 toutes ces personnes pour leur implication.<\/p>\n<p style=\"text-align: justify;\">Voil\u00e0 d\u00e9j\u00e0 (ou, enfin, diront certains) le retour du temps des f\u00eates, p\u00e9riode qui permet de se retrouver, en famille ou entre amis, et qui marque un temps d\u2019arr\u00eat bien m\u00e9rit\u00e9.<\/p>\n<p style=\"text-align: justify;\">Nous vous souhaitons de tr\u00e8s joyeuses f\u00eates et nous serons de retour, d\u00e9bordants d\u2019\u00e9nergie, d\u00e8s le 7 janvier.<\/p>\n<p style=\"text-align: justify;\">Sant\u00e9 et bonheur!<\/p>\n<p>Le CA<\/p>\n","protected":false},"excerpt":{"rendered":"<p>Apr\u00e8s un automne exaltant, notre bilan de mi-ann\u00e9e s\u2019av\u00e8re des plus positifs. \u00a0Tout d\u2019abord, avec la cr\u00e9ation du R\u00e9gime d\u2019assurance collective de l\u2019APRFAE, l\u2019Association bonifie de mani\u00e8re importante son offre de services. Plus que jamais, il sera avantageux d\u2019\u00eatre membre et ce r\u00e9gime est l\u2019aboutissement de plusieurs ann\u00e9es d\u2019efforts. Il faut aussi mentionner le travail &hellip;<\/p>\n","protected":false},"author":2,"featured_media":0,"comment_status":"closed","ping_status":"open","sticky":false,"template":"","format":"standard","meta":{"footnotes":""},"categories":[1],"tags":[],"class_list":["post-3496","post","type-post","status-publish","format-standard","hentry","category-uncategorized"],"yoast_head":"<!-- This site is optimized with the Yoast SEO plugin v17.3 - https:\/\/yoast.com\/wordpress\/plugins\/seo\/ -->\n<title>Une ann\u00e9e exceptionnelle pour l\u2019APRFAE - Association de personnes retrait\u00e9es de la FAE<\/title>\n<meta name=\"robots\" content=\"noindex, follow, max-snippet:-1, max-image-preview:large, max-video-preview:-1\" \/>\n<meta property=\"og:locale\" content=\"fr_FR\" \/>\n<meta property=\"og:type\" content=\"article\" \/>\n<meta property=\"og:title\" content=\"Une ann\u00e9e exceptionnelle pour l\u2019APRFAE - Association de personnes retrait\u00e9es de la FAE\" \/>\n<meta property=\"og:description\" content=\"Apr\u00e8s un automne exaltant, notre bilan de mi-ann\u00e9e s\u2019av\u00e8re des plus positifs. \u00a0Tout d\u2019abord, avec la cr\u00e9ation du R\u00e9gime d\u2019assurance collective de l\u2019APRFAE, l\u2019Association bonifie de mani\u00e8re importante son offre de services. Plus que jamais, il sera avantageux d\u2019\u00eatre membre et ce r\u00e9gime est l\u2019aboutissement de plusieurs ann\u00e9es d\u2019efforts. Il faut aussi mentionner le travail &hellip;\" \/>\n<meta property=\"og:url\" content=\"https:\/\/www.capri-matique.com\/client\/aprfae5\/annee-exceptionnelle-laprfae\/\" \/>\n<meta property=\"og:site_name\" content=\"Association de personnes retrait\u00e9es de la FAE\" \/>\n<meta property=\"article:published_time\" content=\"2019-01-07T18:54:16+00:00\" \/>\n<meta name=\"twitter:card\" content=\"summary\" \/>\n<meta name=\"twitter:label1\" content=\"\u00c9crit par\" \/>\n\t<meta name=\"twitter:data1\" content=\"Chantal Couture\" \/>\n\t<meta name=\"twitter:label2\" content=\"Dur\u00e9e de lecture estim\u00e9e\" \/>\n\t<meta name=\"twitter:data2\" content=\"1 minute\" \/>\n<script type=\"application\/ld+json\" class=\"yoast-schema-graph\">{\"@context\":\"https:\/\/schema.org\",\"@graph\":[{\"@type\":\"WebSite\",\"@id\":\"https:\/\/www.capri-matique.com\/client\/aprfae5\/#website\",\"url\":\"https:\/\/www.capri-matique.com\/client\/aprfae5\/\",\"name\":\"Association de personnes retrait\\u00e9es de la FAE\",\"description\":\"L&#039;association qui nous unit\",\"potentialAction\":[{\"@type\":\"SearchAction\",\"target\":{\"@type\":\"EntryPoint\",\"urlTemplate\":\"https:\/\/www.capri-matique.com\/client\/aprfae5\/?s={search_term_string}\"},\"query-input\":\"required name=search_term_string\"}],\"inLanguage\":\"fr-FR\"},{\"@type\":\"WebPage\",\"@id\":\"https:\/\/www.capri-matique.com\/client\/aprfae5\/annee-exceptionnelle-laprfae\/#webpage\",\"url\":\"https:\/\/www.capri-matique.com\/client\/aprfae5\/annee-exceptionnelle-laprfae\/\",\"name\":\"Une ann\\u00e9e exceptionnelle pour l\\u2019APRFAE - Association de personnes retrait\\u00e9es de la FAE\",\"isPartOf\":{\"@id\":\"https:\/\/www.capri-matique.com\/client\/aprfae5\/#website\"},\"datePublished\":\"2019-01-07T18:54:16+00:00\",\"dateModified\":\"2019-01-07T18:54:16+00:00\",\"author\":{\"@id\":\"https:\/\/www.capri-matique.com\/client\/aprfae5\/#\/schema\/person\/d49ddfd2ee6ceb42ef2fbcdda1753954\"},\"breadcrumb\":{\"@id\":\"https:\/\/www.capri-matique.com\/client\/aprfae5\/annee-exceptionnelle-laprfae\/#breadcrumb\"},\"inLanguage\":\"fr-FR\",\"potentialAction\":[{\"@type\":\"ReadAction\",\"target\":[\"https:\/\/www.capri-matique.com\/client\/aprfae5\/annee-exceptionnelle-laprfae\/\"]}]},{\"@type\":\"BreadcrumbList\",\"@id\":\"https:\/\/www.capri-matique.com\/client\/aprfae5\/annee-exceptionnelle-laprfae\/#breadcrumb\",\"itemListElement\":[{\"@type\":\"ListItem\",\"position\":1,\"name\":\"Accueil\",\"item\":\"https:\/\/www.capri-matique.com\/client\/aprfae5\/\"},{\"@type\":\"ListItem\",\"position\":2,\"name\":\"Une ann\\u00e9e exceptionnelle pour l\\u2019APRFAE\"}]},{\"@type\":\"Person\",\"@id\":\"https:\/\/www.capri-matique.com\/client\/aprfae5\/#\/schema\/person\/d49ddfd2ee6ceb42ef2fbcdda1753954\",\"name\":\"Chantal Couture\",\"url\":\"https:\/\/www.capri-matique.com\/client\/aprfae5\/author\/chantal-couture\/\"}]}<\/script>\n<!-- \/ Yoast SEO plugin. -->","yoast_head_json":{"title":"Une ann\u00e9e exceptionnelle pour l\u2019APRFAE - Association de personnes retrait\u00e9es de la FAE","robots":{"index":"noindex","follow":"follow","max-snippet":"max-snippet:-1","max-image-preview":"max-image-preview:large","max-video-preview":"max-video-preview:-1"},"og_locale":"fr_FR","og_type":"article","og_title":"Une ann\u00e9e exceptionnelle pour l\u2019APRFAE - Association de personnes retrait\u00e9es de la FAE","og_description":"Apr\u00e8s un automne exaltant, notre bilan de mi-ann\u00e9e s\u2019av\u00e8re des plus positifs. \u00a0Tout d\u2019abord, avec la cr\u00e9ation du R\u00e9gime d\u2019assurance collective de l\u2019APRFAE, l\u2019Association bonifie de mani\u00e8re importante son offre de services. Plus que jamais, il sera avantageux d\u2019\u00eatre membre et ce r\u00e9gime est l\u2019aboutissement de plusieurs ann\u00e9es d\u2019efforts. Il faut aussi mentionner le travail &hellip;","og_url":"https:\/\/www.capri-matique.com\/client\/aprfae5\/annee-exceptionnelle-laprfae\/","og_site_name":"Association de personnes retrait\u00e9es de la FAE","article_published_time":"2019-01-07T18:54:16+00:00","twitter_card":"summary","twitter_misc":{"\u00c9crit par":"Chantal Couture","Dur\u00e9e de lecture estim\u00e9e":"1 minute"},"schema":{"@context":"https:\/\/schema.org","@graph":[{"@type":"WebSite","@id":"https:\/\/www.capri-matique.com\/client\/aprfae5\/#website","url":"https:\/\/www.capri-matique.com\/client\/aprfae5\/","name":"Association de personnes retrait\u00e9es de la FAE","description":"L&#039;association qui nous unit","potentialAction":[{"@type":"SearchAction","target":{"@type":"EntryPoint","urlTemplate":"https:\/\/www.capri-matique.com\/client\/aprfae5\/?s={search_term_string}"},"query-input":"required name=search_term_string"}],"inLanguage":"fr-FR"},{"@type":"WebPage","@id":"https:\/\/www.capri-matique.com\/client\/aprfae5\/annee-exceptionnelle-laprfae\/#webpage","url":"https:\/\/www.capri-matique.com\/client\/aprfae5\/annee-exceptionnelle-laprfae\/","name":"Une ann\u00e9e exceptionnelle pour l\u2019APRFAE - Association de personnes retrait\u00e9es de la FAE","isPartOf":{"@id":"https:\/\/www.capri-matique.com\/client\/aprfae5\/#website"},"datePublished":"2019-01-07T18:54:16+00:00","dateModified":"2019-01-07T18:54:16+00:00","author":{"@id":"https:\/\/www.capri-matique.com\/client\/aprfae5\/#\/schema\/person\/d49ddfd2ee6ceb42ef2fbcdda1753954"},"breadcrumb":{"@id":"https:\/\/www.capri-matique.com\/client\/aprfae5\/annee-exceptionnelle-laprfae\/#breadcrumb"},"inLanguage":"fr-FR","potentialAction":[{"@type":"ReadAction","target":["https:\/\/www.capri-matique.com\/client\/aprfae5\/annee-exceptionnelle-laprfae\/"]}]},{"@type":"BreadcrumbList","@id":"https:\/\/www.capri-matique.com\/client\/aprfae5\/annee-exceptionnelle-laprfae\/#breadcrumb","itemListElement":[{"@type":"ListItem","position":1,"name":"Accueil","item":"https:\/\/www.capri-matique.com\/client\/aprfae5\/"},{"@type":"ListItem","position":2,"name":"Une ann\u00e9e exceptionnelle pour l\u2019APRFAE"}]},{"@type":"Person","@id":"https:\/\/www.capri-matique.com\/client\/aprfae5\/#\/schema\/person\/d49ddfd2ee6ceb42ef2fbcdda1753954","name":"Chantal Couture","url":"https:\/\/www.capri-matique.com\/client\/aprfae5\/author\/chantal-couture\/"}]}},"_links":{"self":[{"href":"https:\/\/www.capri-matique.com\/client\/aprfae5\/wp-json\/wp\/v2\/posts\/3496","targetHints":{"allow":["GET"]}}],"collection":[{"href":"https:\/\/www.capri-matique.com\/client\/aprfae5\/wp-json\/wp\/v2\/posts"}],"about":[{"href":"https:\/\/www.capri-matique.com\/client\/aprfae5\/wp-json\/wp\/v2\/types\/post"}],"author":[{"embeddable":true,"href":"https:\/\/www.capri-matique.com\/client\/aprfae5\/wp-json\/wp\/v2\/users\/2"}],"replies":[{"embeddable":true,"href":"https:\/\/www.capri-matique.com\/client\/aprfae5\/wp-json\/wp\/v2\/comments?post=3496"}],"version-history":[{"count":1,"href":"https:\/\/www.capri-matique.com\/client\/aprfae5\/wp-json\/wp\/v2\/posts\/3496\/revisions"}],"predecessor-version":[{"id":3497,"href":"https:\/\/www.capri-matique.com\/client\/aprfae5\/wp-json\/wp\/v2\/posts\/3496\/revisions\/3497"}],"wp:attachment":[{"href":"https:\/\/www.capri-matique.com\/client\/aprfae5\/wp-json\/wp\/v2\/media?parent=3496"}],"wp:term":[{"taxonomy":"category","embeddable":true,"href":"https:\/\/www.capri-matique.com\/client\/aprfae5\/wp-json\/wp\/v2\/categories?post=3496"},{"taxonomy":"post_tag","embeddable":true,"href":"https:\/\/www.capri-matique.com\/client\/aprfae5\/wp-json\/wp\/v2\/tags?post=3496"}],"curies":[{"name":"wp","href":"https:\/\/api.w.org\/{rel}","templated":true}]}}