{"id":3490,"date":"2018-12-21T14:38:36","date_gmt":"2018-12-21T19:38:36","guid":{"rendered":"https:\/\/capri-matique.com\/client\/aprfae5\/?p=3490"},"modified":"2018-12-21T14:38:36","modified_gmt":"2018-12-21T19:38:36","slug":"marathons-decriture-de-retour","status":"publish","type":"post","link":"https:\/\/www.capri-matique.com\/client\/aprfae5\/marathons-decriture-de-retour\/","title":{"rendered":"Les Marathons d&#8217;\u00e9criture sont de retour!"},"content":{"rendered":"<p style=\"text-align: justify;\"><span style=\"font-size: 14pt;\"><strong><span class=\"date-display-range\" style=\"font-family: verdana, geneva, sans-serif;\"><span class=\"date-display-end\">\u00c9crire, \u00e7a lib\u00e8re!\u00a0<\/span><\/span><\/strong><\/span><span style=\"font-family: verdana, geneva, sans-serif; font-size: 12pt;\"><span class=\"date-display-range\"><span class=\"date-display-end\">Jusqu&#8217;au 31 janvier 2019, Amnistie internationale vous donne la chance de<\/span><\/span>\u00a0soutenir et redonner espoirs aux d\u00e9fenseures des droits humains et aux victimes des violations des droits humains \u00e0 travers le monde.\u00a0<\/span><span style=\"font-family: verdana, geneva, sans-serif; font-size: 12pt;\">Cette ann\u00e9e, la campagne d&#8217;\u00e9criture vise sp\u00e9cifiquement dix femmes, courageuses, qui courent de grands risques dans leur bataille pour faire respecter ces droits.\u00a0<\/span><\/p>\n<p style=\"text-align: justify;\"><span style=\"font-family: verdana, geneva, sans-serif; font-size: 12pt;\">Le principe des Marathons est simple: proposer au plus grand nombre possible de personnes d&#8217;\u00e9crire des mots d\u2019encouragement et de soutien \u00e0 celles et ceux qui sont injustement emprisonn\u00e9s ou dont les droits sont bafou\u00e9s. Depuis plus de 13 ans, les marathons d\u2019\u00e9criture ont fait la preuve de leur efficacit\u00e9 puisque plus de 75 % des personnes emprisonn\u00e9es sont lib\u00e9r\u00e9es. En 2017, pr\u00e8s de\u00a067 000 cartes de v\u0153ux ont \u00e9t\u00e9 envoy\u00e9es depuis le Qu\u00e9bec dans plus de 208 pays et territoires !L\u2019objectif cette ann\u00e9e est de 80 000 messages d\u2019espoir envoy\u00e9s du Qu\u00e9bec.<\/span><\/p>\n<p style=\"text-align: justify;\"><span style=\"font-family: verdana, geneva, sans-serif; font-size: 12pt;\">Pour envoyer un message,\u00a0<a href=\"http:\/\/marathons.amnistie.ca\" target=\"_blank\" rel=\"noopener\">cliquez-ici.<\/a><\/span><\/p>\n","protected":false},"excerpt":{"rendered":"<p>\u00c9crire, \u00e7a lib\u00e8re!\u00a0Jusqu&#8217;au 31 janvier 2019, Amnistie internationale vous donne la chance de\u00a0soutenir et redonner espoirs aux d\u00e9fenseures des droits humains et aux victimes des violations des droits humains \u00e0 travers le monde.\u00a0Cette ann\u00e9e, la campagne d&#8217;\u00e9criture vise sp\u00e9cifiquement dix femmes, courageuses, qui courent de grands risques dans leur bataille pour faire respecter ces droits.\u00a0 &hellip;<\/p>\n","protected":false},"author":2,"featured_media":0,"comment_status":"closed","ping_status":"open","sticky":false,"template":"","format":"standard","meta":{"footnotes":""},"categories":[1],"tags":[],"class_list":["post-3490","post","type-post","status-publish","format-standard","hentry","category-uncategorized"],"yoast_head":"<!-- This site is optimized with the Yoast SEO plugin v17.3 - https:\/\/yoast.com\/wordpress\/plugins\/seo\/ -->\n<title>Les Marathons d&#039;\u00e9criture sont de retour! - Association de personnes retrait\u00e9es de la FAE<\/title>\n<meta name=\"robots\" content=\"noindex, follow, max-snippet:-1, max-image-preview:large, max-video-preview:-1\" \/>\n<meta property=\"og:locale\" content=\"fr_FR\" \/>\n<meta property=\"og:type\" content=\"article\" \/>\n<meta property=\"og:title\" content=\"Les Marathons d&#039;\u00e9criture sont de retour! - Association de personnes retrait\u00e9es de la FAE\" \/>\n<meta property=\"og:description\" content=\"\u00c9crire, \u00e7a lib\u00e8re!\u00a0Jusqu&#8217;au 31 janvier 2019, Amnistie internationale vous donne la chance de\u00a0soutenir et redonner espoirs aux d\u00e9fenseures des droits humains et aux victimes des violations des droits humains \u00e0 travers le monde.\u00a0Cette ann\u00e9e, la campagne d&#8217;\u00e9criture vise sp\u00e9cifiquement dix femmes, courageuses, qui courent de grands risques dans leur bataille pour faire respecter ces droits.\u00a0 &hellip;\" \/>\n<meta property=\"og:url\" content=\"https:\/\/www.capri-matique.com\/client\/aprfae5\/marathons-decriture-de-retour\/\" \/>\n<meta property=\"og:site_name\" content=\"Association de personnes retrait\u00e9es de la FAE\" \/>\n<meta property=\"article:published_time\" content=\"2018-12-21T19:38:36+00:00\" \/>\n<meta name=\"twitter:card\" content=\"summary\" \/>\n<meta name=\"twitter:label1\" content=\"\u00c9crit par\" \/>\n\t<meta name=\"twitter:data1\" content=\"Chantal Couture\" \/>\n\t<meta name=\"twitter:label2\" content=\"Dur\u00e9e de lecture estim\u00e9e\" \/>\n\t<meta name=\"twitter:data2\" content=\"1 minute\" \/>\n<script type=\"application\/ld+json\" class=\"yoast-schema-graph\">{\"@context\":\"https:\/\/schema.org\",\"@graph\":[{\"@type\":\"WebSite\",\"@id\":\"https:\/\/www.capri-matique.com\/client\/aprfae5\/#website\",\"url\":\"https:\/\/www.capri-matique.com\/client\/aprfae5\/\",\"name\":\"Association de personnes retrait\\u00e9es de la FAE\",\"description\":\"L&#039;association qui nous unit\",\"potentialAction\":[{\"@type\":\"SearchAction\",\"target\":{\"@type\":\"EntryPoint\",\"urlTemplate\":\"https:\/\/www.capri-matique.com\/client\/aprfae5\/?s={search_term_string}\"},\"query-input\":\"required name=search_term_string\"}],\"inLanguage\":\"fr-FR\"},{\"@type\":\"WebPage\",\"@id\":\"https:\/\/www.capri-matique.com\/client\/aprfae5\/marathons-decriture-de-retour\/#webpage\",\"url\":\"https:\/\/www.capri-matique.com\/client\/aprfae5\/marathons-decriture-de-retour\/\",\"name\":\"Les Marathons d'\\u00e9criture sont de retour! - Association de personnes retrait\\u00e9es de la FAE\",\"isPartOf\":{\"@id\":\"https:\/\/www.capri-matique.com\/client\/aprfae5\/#website\"},\"datePublished\":\"2018-12-21T19:38:36+00:00\",\"dateModified\":\"2018-12-21T19:38:36+00:00\",\"author\":{\"@id\":\"https:\/\/www.capri-matique.com\/client\/aprfae5\/#\/schema\/person\/d49ddfd2ee6ceb42ef2fbcdda1753954\"},\"breadcrumb\":{\"@id\":\"https:\/\/www.capri-matique.com\/client\/aprfae5\/marathons-decriture-de-retour\/#breadcrumb\"},\"inLanguage\":\"fr-FR\",\"potentialAction\":[{\"@type\":\"ReadAction\",\"target\":[\"https:\/\/www.capri-matique.com\/client\/aprfae5\/marathons-decriture-de-retour\/\"]}]},{\"@type\":\"BreadcrumbList\",\"@id\":\"https:\/\/www.capri-matique.com\/client\/aprfae5\/marathons-decriture-de-retour\/#breadcrumb\",\"itemListElement\":[{\"@type\":\"ListItem\",\"position\":1,\"name\":\"Accueil\",\"item\":\"https:\/\/www.capri-matique.com\/client\/aprfae5\/\"},{\"@type\":\"ListItem\",\"position\":2,\"name\":\"Les Marathons d&#8217;\\u00e9criture sont de retour!\"}]},{\"@type\":\"Person\",\"@id\":\"https:\/\/www.capri-matique.com\/client\/aprfae5\/#\/schema\/person\/d49ddfd2ee6ceb42ef2fbcdda1753954\",\"name\":\"Chantal Couture\",\"url\":\"https:\/\/www.capri-matique.com\/client\/aprfae5\/author\/chantal-couture\/\"}]}<\/script>\n<!-- \/ Yoast SEO plugin. -->","yoast_head_json":{"title":"Les Marathons d'\u00e9criture sont de retour! - Association de personnes retrait\u00e9es de la FAE","robots":{"index":"noindex","follow":"follow","max-snippet":"max-snippet:-1","max-image-preview":"max-image-preview:large","max-video-preview":"max-video-preview:-1"},"og_locale":"fr_FR","og_type":"article","og_title":"Les Marathons d'\u00e9criture sont de retour! - Association de personnes retrait\u00e9es de la FAE","og_description":"\u00c9crire, \u00e7a lib\u00e8re!\u00a0Jusqu&#8217;au 31 janvier 2019, Amnistie internationale vous donne la chance de\u00a0soutenir et redonner espoirs aux d\u00e9fenseures des droits humains et aux victimes des violations des droits humains \u00e0 travers le monde.\u00a0Cette ann\u00e9e, la campagne d&#8217;\u00e9criture vise sp\u00e9cifiquement dix femmes, courageuses, qui courent de grands risques dans leur bataille pour faire respecter ces droits.\u00a0 &hellip;","og_url":"https:\/\/www.capri-matique.com\/client\/aprfae5\/marathons-decriture-de-retour\/","og_site_name":"Association de personnes retrait\u00e9es de la FAE","article_published_time":"2018-12-21T19:38:36+00:00","twitter_card":"summary","twitter_misc":{"\u00c9crit par":"Chantal Couture","Dur\u00e9e de lecture estim\u00e9e":"1 minute"},"schema":{"@context":"https:\/\/schema.org","@graph":[{"@type":"WebSite","@id":"https:\/\/www.capri-matique.com\/client\/aprfae5\/#website","url":"https:\/\/www.capri-matique.com\/client\/aprfae5\/","name":"Association de personnes retrait\u00e9es de la FAE","description":"L&#039;association qui nous unit","potentialAction":[{"@type":"SearchAction","target":{"@type":"EntryPoint","urlTemplate":"https:\/\/www.capri-matique.com\/client\/aprfae5\/?s={search_term_string}"},"query-input":"required name=search_term_string"}],"inLanguage":"fr-FR"},{"@type":"WebPage","@id":"https:\/\/www.capri-matique.com\/client\/aprfae5\/marathons-decriture-de-retour\/#webpage","url":"https:\/\/www.capri-matique.com\/client\/aprfae5\/marathons-decriture-de-retour\/","name":"Les Marathons d'\u00e9criture sont de retour! - Association de personnes retrait\u00e9es de la FAE","isPartOf":{"@id":"https:\/\/www.capri-matique.com\/client\/aprfae5\/#website"},"datePublished":"2018-12-21T19:38:36+00:00","dateModified":"2018-12-21T19:38:36+00:00","author":{"@id":"https:\/\/www.capri-matique.com\/client\/aprfae5\/#\/schema\/person\/d49ddfd2ee6ceb42ef2fbcdda1753954"},"breadcrumb":{"@id":"https:\/\/www.capri-matique.com\/client\/aprfae5\/marathons-decriture-de-retour\/#breadcrumb"},"inLanguage":"fr-FR","potentialAction":[{"@type":"ReadAction","target":["https:\/\/www.capri-matique.com\/client\/aprfae5\/marathons-decriture-de-retour\/"]}]},{"@type":"BreadcrumbList","@id":"https:\/\/www.capri-matique.com\/client\/aprfae5\/marathons-decriture-de-retour\/#breadcrumb","itemListElement":[{"@type":"ListItem","position":1,"name":"Accueil","item":"https:\/\/www.capri-matique.com\/client\/aprfae5\/"},{"@type":"ListItem","position":2,"name":"Les Marathons d&#8217;\u00e9criture sont de retour!"}]},{"@type":"Person","@id":"https:\/\/www.capri-matique.com\/client\/aprfae5\/#\/schema\/person\/d49ddfd2ee6ceb42ef2fbcdda1753954","name":"Chantal Couture","url":"https:\/\/www.capri-matique.com\/client\/aprfae5\/author\/chantal-couture\/"}]}},"_links":{"self":[{"href":"https:\/\/www.capri-matique.com\/client\/aprfae5\/wp-json\/wp\/v2\/posts\/3490","targetHints":{"allow":["GET"]}}],"collection":[{"href":"https:\/\/www.capri-matique.com\/client\/aprfae5\/wp-json\/wp\/v2\/posts"}],"about":[{"href":"https:\/\/www.capri-matique.com\/client\/aprfae5\/wp-json\/wp\/v2\/types\/post"}],"author":[{"embeddable":true,"href":"https:\/\/www.capri-matique.com\/client\/aprfae5\/wp-json\/wp\/v2\/users\/2"}],"replies":[{"embeddable":true,"href":"https:\/\/www.capri-matique.com\/client\/aprfae5\/wp-json\/wp\/v2\/comments?post=3490"}],"version-history":[{"count":1,"href":"https:\/\/www.capri-matique.com\/client\/aprfae5\/wp-json\/wp\/v2\/posts\/3490\/revisions"}],"predecessor-version":[{"id":3491,"href":"https:\/\/www.capri-matique.com\/client\/aprfae5\/wp-json\/wp\/v2\/posts\/3490\/revisions\/3491"}],"wp:attachment":[{"href":"https:\/\/www.capri-matique.com\/client\/aprfae5\/wp-json\/wp\/v2\/media?parent=3490"}],"wp:term":[{"taxonomy":"category","embeddable":true,"href":"https:\/\/www.capri-matique.com\/client\/aprfae5\/wp-json\/wp\/v2\/categories?post=3490"},{"taxonomy":"post_tag","embeddable":true,"href":"https:\/\/www.capri-matique.com\/client\/aprfae5\/wp-json\/wp\/v2\/tags?post=3490"}],"curies":[{"name":"wp","href":"https:\/\/api.w.org\/{rel}","templated":true}]}}