{"id":3389,"date":"2018-12-04T09:52:56","date_gmt":"2018-12-04T14:52:56","guid":{"rendered":"https:\/\/capri-matique.com\/client\/aprfae5\/?p=3389"},"modified":"2018-12-04T09:54:45","modified_gmt":"2018-12-04T14:54:45","slug":"de-travailleuses-a-chomeuses-meme-injustice-meme-combat","status":"publish","type":"post","link":"https:\/\/www.capri-matique.com\/client\/aprfae5\/de-travailleuses-a-chomeuses-meme-injustice-meme-combat\/","title":{"rendered":"De travailleuses \u00e0 ch\u00f4meuses, m\u00eame injustice, m\u00eame combat!\u00a0"},"content":{"rendered":"<div style=\"text-align: justify;\">\n<p><span style=\"font-family: verdana, geneva, sans-serif; font-size: 12pt;\">Le MASSE (Mouvement autonome et solidaire des sans-emploi) revendique depuis plusieurs ann\u00e9es la mise en place d\u2019un r\u00e9gime d\u2019assurance-ch\u00f4mage juste et d\u2019acc\u00e8s universel.<\/span><\/p>\n<p><span style=\"font-family: verdana, geneva, sans-serif; font-size: 12pt;\">La campagne <em>\u00ab\u00a0De travailleuses \u00e0 ch\u00f4meuses, m\u00eame injustice, m\u00eame combat!\u00a0\u00bb<\/em> vise \u00e0 corriger les iniquit\u00e9s qui touchent particuli\u00e8rement les femmes dans la mise en application du programme d\u2019assurance-emploi.<\/span><\/p>\n<p><span style=\"font-family: verdana, geneva, sans-serif; font-size: 12pt;\">Pour un r\u00e9gime d&#8217;assurance-ch\u00f4mage universel qui ne discrimine pas les femmes, le MASSE a mis en ligne une p\u00e9tition que nous vous invitons \u00e0 signer, et \u00e0 partager dans vos r\u00e9seaux.<\/span><\/p>\n<p><span style=\"font-family: verdana, geneva, sans-serif; font-size: 12pt;\">Gr\u00e2ce \u00e0 l\u2019implication de ses membres et, plus particuli\u00e8rement, de son Comit\u00e9 d\u2019action socio-politique, l\u2019APRFAE soutient le MASSE.<\/span><\/p>\n<\/div>\n<p><span style=\"font-family: verdana, geneva, sans-serif; font-size: 12pt;\">Pour signer, <a href=\"https:\/\/petitions.noscommunes.ca\/fr\/Petition\/Details?Petition=e-1914\" target=\"_blank\" rel=\"noopener\">c&#8217;est par ici!<\/a><\/span><\/p>\n","protected":false},"excerpt":{"rendered":"<p>Le MASSE (Mouvement autonome et solidaire des sans-emploi) revendique depuis plusieurs ann\u00e9es la mise en place d\u2019un r\u00e9gime d\u2019assurance-ch\u00f4mage juste et d\u2019acc\u00e8s universel. La campagne \u00ab\u00a0De travailleuses \u00e0 ch\u00f4meuses, m\u00eame injustice, m\u00eame combat!\u00a0\u00bb vise \u00e0 corriger les iniquit\u00e9s qui touchent particuli\u00e8rement les femmes dans la mise en application du programme d\u2019assurance-emploi. Pour un r\u00e9gime d&#8217;assurance-ch\u00f4mage &hellip;<\/p>\n","protected":false},"author":2,"featured_media":0,"comment_status":"closed","ping_status":"open","sticky":false,"template":"","format":"standard","meta":{"footnotes":""},"categories":[1],"tags":[],"class_list":["post-3389","post","type-post","status-publish","format-standard","hentry","category-uncategorized"],"yoast_head":"<!-- This site is optimized with the Yoast SEO plugin v17.3 - https:\/\/yoast.com\/wordpress\/plugins\/seo\/ -->\n<title>De travailleuses \u00e0 ch\u00f4meuses, m\u00eame injustice, m\u00eame combat!\u00a0 - Association de personnes retrait\u00e9es de la FAE<\/title>\n<meta name=\"robots\" content=\"noindex, follow, max-snippet:-1, max-image-preview:large, max-video-preview:-1\" \/>\n<meta property=\"og:locale\" content=\"fr_FR\" \/>\n<meta property=\"og:type\" content=\"article\" \/>\n<meta property=\"og:title\" content=\"De travailleuses \u00e0 ch\u00f4meuses, m\u00eame injustice, m\u00eame combat!\u00a0 - Association de personnes retrait\u00e9es de la FAE\" \/>\n<meta property=\"og:description\" content=\"Le MASSE (Mouvement autonome et solidaire des sans-emploi) revendique depuis plusieurs ann\u00e9es la mise en place d\u2019un r\u00e9gime d\u2019assurance-ch\u00f4mage juste et d\u2019acc\u00e8s universel. La campagne \u00ab\u00a0De travailleuses \u00e0 ch\u00f4meuses, m\u00eame injustice, m\u00eame combat!\u00a0\u00bb vise \u00e0 corriger les iniquit\u00e9s qui touchent particuli\u00e8rement les femmes dans la mise en application du programme d\u2019assurance-emploi. Pour un r\u00e9gime d&#8217;assurance-ch\u00f4mage &hellip;\" \/>\n<meta property=\"og:url\" content=\"https:\/\/www.capri-matique.com\/client\/aprfae5\/de-travailleuses-a-chomeuses-meme-injustice-meme-combat\/\" \/>\n<meta property=\"og:site_name\" content=\"Association de personnes retrait\u00e9es de la FAE\" \/>\n<meta property=\"article:published_time\" content=\"2018-12-04T14:52:56+00:00\" \/>\n<meta property=\"article:modified_time\" content=\"2018-12-04T14:54:45+00:00\" \/>\n<meta name=\"twitter:card\" content=\"summary\" \/>\n<meta name=\"twitter:label1\" content=\"\u00c9crit par\" \/>\n\t<meta name=\"twitter:data1\" content=\"Chantal Couture\" \/>\n\t<meta name=\"twitter:label2\" content=\"Dur\u00e9e de lecture estim\u00e9e\" \/>\n\t<meta name=\"twitter:data2\" content=\"1 minute\" \/>\n<script type=\"application\/ld+json\" class=\"yoast-schema-graph\">{\"@context\":\"https:\/\/schema.org\",\"@graph\":[{\"@type\":\"WebSite\",\"@id\":\"https:\/\/www.capri-matique.com\/client\/aprfae5\/#website\",\"url\":\"https:\/\/www.capri-matique.com\/client\/aprfae5\/\",\"name\":\"Association de personnes retrait\\u00e9es de la FAE\",\"description\":\"L&#039;association qui nous unit\",\"potentialAction\":[{\"@type\":\"SearchAction\",\"target\":{\"@type\":\"EntryPoint\",\"urlTemplate\":\"https:\/\/www.capri-matique.com\/client\/aprfae5\/?s={search_term_string}\"},\"query-input\":\"required name=search_term_string\"}],\"inLanguage\":\"fr-FR\"},{\"@type\":\"WebPage\",\"@id\":\"https:\/\/www.capri-matique.com\/client\/aprfae5\/de-travailleuses-a-chomeuses-meme-injustice-meme-combat\/#webpage\",\"url\":\"https:\/\/www.capri-matique.com\/client\/aprfae5\/de-travailleuses-a-chomeuses-meme-injustice-meme-combat\/\",\"name\":\"De travailleuses \\u00e0 ch\\u00f4meuses, m\\u00eame injustice, m\\u00eame combat!\\u00a0 - Association de personnes retrait\\u00e9es de la FAE\",\"isPartOf\":{\"@id\":\"https:\/\/www.capri-matique.com\/client\/aprfae5\/#website\"},\"datePublished\":\"2018-12-04T14:52:56+00:00\",\"dateModified\":\"2018-12-04T14:54:45+00:00\",\"author\":{\"@id\":\"https:\/\/www.capri-matique.com\/client\/aprfae5\/#\/schema\/person\/d49ddfd2ee6ceb42ef2fbcdda1753954\"},\"breadcrumb\":{\"@id\":\"https:\/\/www.capri-matique.com\/client\/aprfae5\/de-travailleuses-a-chomeuses-meme-injustice-meme-combat\/#breadcrumb\"},\"inLanguage\":\"fr-FR\",\"potentialAction\":[{\"@type\":\"ReadAction\",\"target\":[\"https:\/\/www.capri-matique.com\/client\/aprfae5\/de-travailleuses-a-chomeuses-meme-injustice-meme-combat\/\"]}]},{\"@type\":\"BreadcrumbList\",\"@id\":\"https:\/\/www.capri-matique.com\/client\/aprfae5\/de-travailleuses-a-chomeuses-meme-injustice-meme-combat\/#breadcrumb\",\"itemListElement\":[{\"@type\":\"ListItem\",\"position\":1,\"name\":\"Accueil\",\"item\":\"https:\/\/www.capri-matique.com\/client\/aprfae5\/\"},{\"@type\":\"ListItem\",\"position\":2,\"name\":\"De travailleuses \\u00e0 ch\\u00f4meuses, m\\u00eame injustice, m\\u00eame combat!\\u00a0\"}]},{\"@type\":\"Person\",\"@id\":\"https:\/\/www.capri-matique.com\/client\/aprfae5\/#\/schema\/person\/d49ddfd2ee6ceb42ef2fbcdda1753954\",\"name\":\"Chantal Couture\",\"url\":\"https:\/\/www.capri-matique.com\/client\/aprfae5\/author\/chantal-couture\/\"}]}<\/script>\n<!-- \/ Yoast SEO plugin. -->","yoast_head_json":{"title":"De travailleuses \u00e0 ch\u00f4meuses, m\u00eame injustice, m\u00eame combat!\u00a0 - Association de personnes retrait\u00e9es de la FAE","robots":{"index":"noindex","follow":"follow","max-snippet":"max-snippet:-1","max-image-preview":"max-image-preview:large","max-video-preview":"max-video-preview:-1"},"og_locale":"fr_FR","og_type":"article","og_title":"De travailleuses \u00e0 ch\u00f4meuses, m\u00eame injustice, m\u00eame combat!\u00a0 - Association de personnes retrait\u00e9es de la FAE","og_description":"Le MASSE (Mouvement autonome et solidaire des sans-emploi) revendique depuis plusieurs ann\u00e9es la mise en place d\u2019un r\u00e9gime d\u2019assurance-ch\u00f4mage juste et d\u2019acc\u00e8s universel. La campagne \u00ab\u00a0De travailleuses \u00e0 ch\u00f4meuses, m\u00eame injustice, m\u00eame combat!\u00a0\u00bb vise \u00e0 corriger les iniquit\u00e9s qui touchent particuli\u00e8rement les femmes dans la mise en application du programme d\u2019assurance-emploi. Pour un r\u00e9gime d&#8217;assurance-ch\u00f4mage &hellip;","og_url":"https:\/\/www.capri-matique.com\/client\/aprfae5\/de-travailleuses-a-chomeuses-meme-injustice-meme-combat\/","og_site_name":"Association de personnes retrait\u00e9es de la FAE","article_published_time":"2018-12-04T14:52:56+00:00","article_modified_time":"2018-12-04T14:54:45+00:00","twitter_card":"summary","twitter_misc":{"\u00c9crit par":"Chantal Couture","Dur\u00e9e de lecture estim\u00e9e":"1 minute"},"schema":{"@context":"https:\/\/schema.org","@graph":[{"@type":"WebSite","@id":"https:\/\/www.capri-matique.com\/client\/aprfae5\/#website","url":"https:\/\/www.capri-matique.com\/client\/aprfae5\/","name":"Association de personnes retrait\u00e9es de la FAE","description":"L&#039;association qui nous unit","potentialAction":[{"@type":"SearchAction","target":{"@type":"EntryPoint","urlTemplate":"https:\/\/www.capri-matique.com\/client\/aprfae5\/?s={search_term_string}"},"query-input":"required name=search_term_string"}],"inLanguage":"fr-FR"},{"@type":"WebPage","@id":"https:\/\/www.capri-matique.com\/client\/aprfae5\/de-travailleuses-a-chomeuses-meme-injustice-meme-combat\/#webpage","url":"https:\/\/www.capri-matique.com\/client\/aprfae5\/de-travailleuses-a-chomeuses-meme-injustice-meme-combat\/","name":"De travailleuses \u00e0 ch\u00f4meuses, m\u00eame injustice, m\u00eame combat!\u00a0 - Association de personnes retrait\u00e9es de la FAE","isPartOf":{"@id":"https:\/\/www.capri-matique.com\/client\/aprfae5\/#website"},"datePublished":"2018-12-04T14:52:56+00:00","dateModified":"2018-12-04T14:54:45+00:00","author":{"@id":"https:\/\/www.capri-matique.com\/client\/aprfae5\/#\/schema\/person\/d49ddfd2ee6ceb42ef2fbcdda1753954"},"breadcrumb":{"@id":"https:\/\/www.capri-matique.com\/client\/aprfae5\/de-travailleuses-a-chomeuses-meme-injustice-meme-combat\/#breadcrumb"},"inLanguage":"fr-FR","potentialAction":[{"@type":"ReadAction","target":["https:\/\/www.capri-matique.com\/client\/aprfae5\/de-travailleuses-a-chomeuses-meme-injustice-meme-combat\/"]}]},{"@type":"BreadcrumbList","@id":"https:\/\/www.capri-matique.com\/client\/aprfae5\/de-travailleuses-a-chomeuses-meme-injustice-meme-combat\/#breadcrumb","itemListElement":[{"@type":"ListItem","position":1,"name":"Accueil","item":"https:\/\/www.capri-matique.com\/client\/aprfae5\/"},{"@type":"ListItem","position":2,"name":"De travailleuses \u00e0 ch\u00f4meuses, m\u00eame injustice, m\u00eame combat!\u00a0"}]},{"@type":"Person","@id":"https:\/\/www.capri-matique.com\/client\/aprfae5\/#\/schema\/person\/d49ddfd2ee6ceb42ef2fbcdda1753954","name":"Chantal Couture","url":"https:\/\/www.capri-matique.com\/client\/aprfae5\/author\/chantal-couture\/"}]}},"_links":{"self":[{"href":"https:\/\/www.capri-matique.com\/client\/aprfae5\/wp-json\/wp\/v2\/posts\/3389","targetHints":{"allow":["GET"]}}],"collection":[{"href":"https:\/\/www.capri-matique.com\/client\/aprfae5\/wp-json\/wp\/v2\/posts"}],"about":[{"href":"https:\/\/www.capri-matique.com\/client\/aprfae5\/wp-json\/wp\/v2\/types\/post"}],"author":[{"embeddable":true,"href":"https:\/\/www.capri-matique.com\/client\/aprfae5\/wp-json\/wp\/v2\/users\/2"}],"replies":[{"embeddable":true,"href":"https:\/\/www.capri-matique.com\/client\/aprfae5\/wp-json\/wp\/v2\/comments?post=3389"}],"version-history":[{"count":2,"href":"https:\/\/www.capri-matique.com\/client\/aprfae5\/wp-json\/wp\/v2\/posts\/3389\/revisions"}],"predecessor-version":[{"id":3391,"href":"https:\/\/www.capri-matique.com\/client\/aprfae5\/wp-json\/wp\/v2\/posts\/3389\/revisions\/3391"}],"wp:attachment":[{"href":"https:\/\/www.capri-matique.com\/client\/aprfae5\/wp-json\/wp\/v2\/media?parent=3389"}],"wp:term":[{"taxonomy":"category","embeddable":true,"href":"https:\/\/www.capri-matique.com\/client\/aprfae5\/wp-json\/wp\/v2\/categories?post=3389"},{"taxonomy":"post_tag","embeddable":true,"href":"https:\/\/www.capri-matique.com\/client\/aprfae5\/wp-json\/wp\/v2\/tags?post=3389"}],"curies":[{"name":"wp","href":"https:\/\/api.w.org\/{rel}","templated":true}]}}