{"id":3364,"date":"2018-11-12T14:16:11","date_gmt":"2018-11-12T19:16:11","guid":{"rendered":"https:\/\/capri-matique.com\/client\/aprfae5\/?p=3364"},"modified":"2019-06-21T17:33:14","modified_gmt":"2019-06-21T21:33:14","slug":"mouvement-regime-public-universel-dassurance-medicaments","status":"publish","type":"post","link":"https:\/\/www.capri-matique.com\/client\/aprfae5\/mouvement-regime-public-universel-dassurance-medicaments\/","title":{"rendered":"Mouvement pour un r\u00e9gime public et universel d&#8217;assurance m\u00e9dicaments"},"content":{"rendered":"<div style=\"text-align: justify;\"><span style=\"font-family: verdana, geneva, sans-serif;\">AU Qu\u00e9bec, il y a encore de nombreuses personnes qui ne prennent pas leurs m\u00e9dicaments pour des raisons financi\u00e8res et leur proportion est croissante. Entre 2013 et 2016, elle est pass\u00e9e de 5% \u00e0 9%. <\/span><span style=\"font-family: verdana, geneva, sans-serif; font-size: 1.5rem;\">Le co\u00fbt des m\u00e9dicaments est extr\u00eamement \u00e9lev\u00e9 au Qu\u00e9bec, parmi les plus \u00e9lev\u00e9s des pays de l\u2019Organisation de coop\u00e9ration et de d\u00e9veloppement \u00e9conomiques (OCDE).\u00a0<\/span><span style=\"font-family: verdana, geneva, sans-serif; font-size: 1.5rem;\">Agir pour r\u00e9duire les co\u00fbts est une priorit\u00e9. Avec un r\u00e9gime enti\u00e8rement public d\u2019assurance m\u00e9dicaments, le Qu\u00e9bec \u00e9conomiserait de 1 \u00e0 3 milliards de dollars annuellement.<\/span><\/div>\n<div style=\"text-align: justify;\"><\/div>\n<div style=\"text-align: justify;\"><span style=\"font-family: verdana, geneva, sans-serif;\">Sans assurance m\u00e9dicaments publique et universelle, notre syst\u00e8me de sant\u00e9 est incomplet et injuste. Pour assurer l\u2019acc\u00e8s \u00e9quitable aux m\u00e9dicaments, am\u00e9liorer les r\u00e9sultats en sant\u00e9 et r\u00e9aliser des \u00e9conomies potentielles de plusieurs milliards, exigeons ensemble une assurance m\u00e9dicaments 100% publique et universelle.\u00a0<\/span><span style=\"font-family: verdana, geneva, sans-serif;\">L&#8217;APRFAE vous invite \u00e0 appuyer ce mouvement,\u00a0<\/span><a style=\"font-family: verdana, geneva, sans-serif;\" href=\"https:\/\/assurance-medicaments.ftq.qc.ca\/lassurance-medicaments-pourquoi\/\" target=\"_blank\" rel=\"noopener noreferrer\">en y ajoutant votre voix<\/a><span style=\"font-family: verdana, geneva, sans-serif;\">!<\/span><\/div>\n","protected":false},"excerpt":{"rendered":"<p>AU Qu\u00e9bec, il y a encore de nombreuses personnes qui ne prennent pas leurs m\u00e9dicaments pour des raisons financi\u00e8res et leur proportion est croissante. Entre 2013 et 2016, elle est pass\u00e9e de 5% \u00e0 9%. Le co\u00fbt des m\u00e9dicaments est extr\u00eamement \u00e9lev\u00e9 au Qu\u00e9bec, parmi les plus \u00e9lev\u00e9s des pays de l\u2019Organisation de coop\u00e9ration et &hellip;<\/p>\n","protected":false},"author":2,"featured_media":0,"comment_status":"closed","ping_status":"open","sticky":false,"template":"","format":"standard","meta":{"footnotes":""},"categories":[1],"tags":[],"class_list":["post-3364","post","type-post","status-publish","format-standard","hentry","category-uncategorized"],"yoast_head":"<!-- This site is optimized with the Yoast SEO plugin v17.3 - https:\/\/yoast.com\/wordpress\/plugins\/seo\/ -->\n<title>Mouvement pour un r\u00e9gime public et universel d&#039;assurance m\u00e9dicaments - Association de personnes retrait\u00e9es de la FAE<\/title>\n<meta name=\"robots\" content=\"noindex, follow, max-snippet:-1, max-image-preview:large, max-video-preview:-1\" \/>\n<meta property=\"og:locale\" content=\"fr_FR\" \/>\n<meta property=\"og:type\" content=\"article\" \/>\n<meta property=\"og:title\" content=\"Mouvement pour un r\u00e9gime public et universel d&#039;assurance m\u00e9dicaments - Association de personnes retrait\u00e9es de la FAE\" \/>\n<meta property=\"og:description\" content=\"AU Qu\u00e9bec, il y a encore de nombreuses personnes qui ne prennent pas leurs m\u00e9dicaments pour des raisons financi\u00e8res et leur proportion est croissante. Entre 2013 et 2016, elle est pass\u00e9e de 5% \u00e0 9%. Le co\u00fbt des m\u00e9dicaments est extr\u00eamement \u00e9lev\u00e9 au Qu\u00e9bec, parmi les plus \u00e9lev\u00e9s des pays de l\u2019Organisation de coop\u00e9ration et &hellip;\" \/>\n<meta property=\"og:url\" content=\"https:\/\/www.capri-matique.com\/client\/aprfae5\/mouvement-regime-public-universel-dassurance-medicaments\/\" \/>\n<meta property=\"og:site_name\" content=\"Association de personnes retrait\u00e9es de la FAE\" \/>\n<meta property=\"article:published_time\" content=\"2018-11-12T19:16:11+00:00\" \/>\n<meta property=\"article:modified_time\" content=\"2019-06-21T21:33:14+00:00\" \/>\n<meta name=\"twitter:card\" content=\"summary\" \/>\n<meta name=\"twitter:label1\" content=\"\u00c9crit par\" \/>\n\t<meta name=\"twitter:data1\" content=\"Chantal Couture\" \/>\n\t<meta name=\"twitter:label2\" content=\"Dur\u00e9e de lecture estim\u00e9e\" \/>\n\t<meta name=\"twitter:data2\" content=\"1 minute\" \/>\n<script type=\"application\/ld+json\" class=\"yoast-schema-graph\">{\"@context\":\"https:\/\/schema.org\",\"@graph\":[{\"@type\":\"WebSite\",\"@id\":\"https:\/\/www.capri-matique.com\/client\/aprfae5\/#website\",\"url\":\"https:\/\/www.capri-matique.com\/client\/aprfae5\/\",\"name\":\"Association de personnes retrait\\u00e9es de la FAE\",\"description\":\"L&#039;association qui nous unit\",\"potentialAction\":[{\"@type\":\"SearchAction\",\"target\":{\"@type\":\"EntryPoint\",\"urlTemplate\":\"https:\/\/www.capri-matique.com\/client\/aprfae5\/?s={search_term_string}\"},\"query-input\":\"required name=search_term_string\"}],\"inLanguage\":\"fr-FR\"},{\"@type\":\"WebPage\",\"@id\":\"https:\/\/www.capri-matique.com\/client\/aprfae5\/mouvement-regime-public-universel-dassurance-medicaments\/#webpage\",\"url\":\"https:\/\/www.capri-matique.com\/client\/aprfae5\/mouvement-regime-public-universel-dassurance-medicaments\/\",\"name\":\"Mouvement pour un r\\u00e9gime public et universel d'assurance m\\u00e9dicaments - Association de personnes retrait\\u00e9es de la FAE\",\"isPartOf\":{\"@id\":\"https:\/\/www.capri-matique.com\/client\/aprfae5\/#website\"},\"datePublished\":\"2018-11-12T19:16:11+00:00\",\"dateModified\":\"2019-06-21T21:33:14+00:00\",\"author\":{\"@id\":\"https:\/\/www.capri-matique.com\/client\/aprfae5\/#\/schema\/person\/d49ddfd2ee6ceb42ef2fbcdda1753954\"},\"breadcrumb\":{\"@id\":\"https:\/\/www.capri-matique.com\/client\/aprfae5\/mouvement-regime-public-universel-dassurance-medicaments\/#breadcrumb\"},\"inLanguage\":\"fr-FR\",\"potentialAction\":[{\"@type\":\"ReadAction\",\"target\":[\"https:\/\/www.capri-matique.com\/client\/aprfae5\/mouvement-regime-public-universel-dassurance-medicaments\/\"]}]},{\"@type\":\"BreadcrumbList\",\"@id\":\"https:\/\/www.capri-matique.com\/client\/aprfae5\/mouvement-regime-public-universel-dassurance-medicaments\/#breadcrumb\",\"itemListElement\":[{\"@type\":\"ListItem\",\"position\":1,\"name\":\"Accueil\",\"item\":\"https:\/\/www.capri-matique.com\/client\/aprfae5\/\"},{\"@type\":\"ListItem\",\"position\":2,\"name\":\"Mouvement pour un r\\u00e9gime public et universel d&#8217;assurance m\\u00e9dicaments\"}]},{\"@type\":\"Person\",\"@id\":\"https:\/\/www.capri-matique.com\/client\/aprfae5\/#\/schema\/person\/d49ddfd2ee6ceb42ef2fbcdda1753954\",\"name\":\"Chantal Couture\",\"url\":\"https:\/\/www.capri-matique.com\/client\/aprfae5\/author\/chantal-couture\/\"}]}<\/script>\n<!-- \/ Yoast SEO plugin. -->","yoast_head_json":{"title":"Mouvement pour un r\u00e9gime public et universel d'assurance m\u00e9dicaments - Association de personnes retrait\u00e9es de la FAE","robots":{"index":"noindex","follow":"follow","max-snippet":"max-snippet:-1","max-image-preview":"max-image-preview:large","max-video-preview":"max-video-preview:-1"},"og_locale":"fr_FR","og_type":"article","og_title":"Mouvement pour un r\u00e9gime public et universel d'assurance m\u00e9dicaments - Association de personnes retrait\u00e9es de la FAE","og_description":"AU Qu\u00e9bec, il y a encore de nombreuses personnes qui ne prennent pas leurs m\u00e9dicaments pour des raisons financi\u00e8res et leur proportion est croissante. Entre 2013 et 2016, elle est pass\u00e9e de 5% \u00e0 9%. Le co\u00fbt des m\u00e9dicaments est extr\u00eamement \u00e9lev\u00e9 au Qu\u00e9bec, parmi les plus \u00e9lev\u00e9s des pays de l\u2019Organisation de coop\u00e9ration et &hellip;","og_url":"https:\/\/www.capri-matique.com\/client\/aprfae5\/mouvement-regime-public-universel-dassurance-medicaments\/","og_site_name":"Association de personnes retrait\u00e9es de la FAE","article_published_time":"2018-11-12T19:16:11+00:00","article_modified_time":"2019-06-21T21:33:14+00:00","twitter_card":"summary","twitter_misc":{"\u00c9crit par":"Chantal Couture","Dur\u00e9e de lecture estim\u00e9e":"1 minute"},"schema":{"@context":"https:\/\/schema.org","@graph":[{"@type":"WebSite","@id":"https:\/\/www.capri-matique.com\/client\/aprfae5\/#website","url":"https:\/\/www.capri-matique.com\/client\/aprfae5\/","name":"Association de personnes retrait\u00e9es de la FAE","description":"L&#039;association qui nous unit","potentialAction":[{"@type":"SearchAction","target":{"@type":"EntryPoint","urlTemplate":"https:\/\/www.capri-matique.com\/client\/aprfae5\/?s={search_term_string}"},"query-input":"required name=search_term_string"}],"inLanguage":"fr-FR"},{"@type":"WebPage","@id":"https:\/\/www.capri-matique.com\/client\/aprfae5\/mouvement-regime-public-universel-dassurance-medicaments\/#webpage","url":"https:\/\/www.capri-matique.com\/client\/aprfae5\/mouvement-regime-public-universel-dassurance-medicaments\/","name":"Mouvement pour un r\u00e9gime public et universel d'assurance m\u00e9dicaments - Association de personnes retrait\u00e9es de la FAE","isPartOf":{"@id":"https:\/\/www.capri-matique.com\/client\/aprfae5\/#website"},"datePublished":"2018-11-12T19:16:11+00:00","dateModified":"2019-06-21T21:33:14+00:00","author":{"@id":"https:\/\/www.capri-matique.com\/client\/aprfae5\/#\/schema\/person\/d49ddfd2ee6ceb42ef2fbcdda1753954"},"breadcrumb":{"@id":"https:\/\/www.capri-matique.com\/client\/aprfae5\/mouvement-regime-public-universel-dassurance-medicaments\/#breadcrumb"},"inLanguage":"fr-FR","potentialAction":[{"@type":"ReadAction","target":["https:\/\/www.capri-matique.com\/client\/aprfae5\/mouvement-regime-public-universel-dassurance-medicaments\/"]}]},{"@type":"BreadcrumbList","@id":"https:\/\/www.capri-matique.com\/client\/aprfae5\/mouvement-regime-public-universel-dassurance-medicaments\/#breadcrumb","itemListElement":[{"@type":"ListItem","position":1,"name":"Accueil","item":"https:\/\/www.capri-matique.com\/client\/aprfae5\/"},{"@type":"ListItem","position":2,"name":"Mouvement pour un r\u00e9gime public et universel d&#8217;assurance m\u00e9dicaments"}]},{"@type":"Person","@id":"https:\/\/www.capri-matique.com\/client\/aprfae5\/#\/schema\/person\/d49ddfd2ee6ceb42ef2fbcdda1753954","name":"Chantal Couture","url":"https:\/\/www.capri-matique.com\/client\/aprfae5\/author\/chantal-couture\/"}]}},"_links":{"self":[{"href":"https:\/\/www.capri-matique.com\/client\/aprfae5\/wp-json\/wp\/v2\/posts\/3364","targetHints":{"allow":["GET"]}}],"collection":[{"href":"https:\/\/www.capri-matique.com\/client\/aprfae5\/wp-json\/wp\/v2\/posts"}],"about":[{"href":"https:\/\/www.capri-matique.com\/client\/aprfae5\/wp-json\/wp\/v2\/types\/post"}],"author":[{"embeddable":true,"href":"https:\/\/www.capri-matique.com\/client\/aprfae5\/wp-json\/wp\/v2\/users\/2"}],"replies":[{"embeddable":true,"href":"https:\/\/www.capri-matique.com\/client\/aprfae5\/wp-json\/wp\/v2\/comments?post=3364"}],"version-history":[{"count":2,"href":"https:\/\/www.capri-matique.com\/client\/aprfae5\/wp-json\/wp\/v2\/posts\/3364\/revisions"}],"predecessor-version":[{"id":4860,"href":"https:\/\/www.capri-matique.com\/client\/aprfae5\/wp-json\/wp\/v2\/posts\/3364\/revisions\/4860"}],"wp:attachment":[{"href":"https:\/\/www.capri-matique.com\/client\/aprfae5\/wp-json\/wp\/v2\/media?parent=3364"}],"wp:term":[{"taxonomy":"category","embeddable":true,"href":"https:\/\/www.capri-matique.com\/client\/aprfae5\/wp-json\/wp\/v2\/categories?post=3364"},{"taxonomy":"post_tag","embeddable":true,"href":"https:\/\/www.capri-matique.com\/client\/aprfae5\/wp-json\/wp\/v2\/tags?post=3364"}],"curies":[{"name":"wp","href":"https:\/\/api.w.org\/{rel}","templated":true}]}}