{"id":3346,"date":"2018-11-09T13:55:38","date_gmt":"2018-11-09T18:55:38","guid":{"rendered":"https:\/\/capri-matique.com\/client\/aprfae5\/?p=3346"},"modified":"2018-11-09T13:55:39","modified_gmt":"2018-11-09T18:55:39","slug":"planete-sinvite-parlement","status":"publish","type":"post","link":"https:\/\/www.capri-matique.com\/client\/aprfae5\/planete-sinvite-parlement\/","title":{"rendered":"La Plan\u00e8te s&#8217;invite au parlement"},"content":{"rendered":"<p style=\"text-align: justify;\">L\u2019union fait la force. L\u2019enjeu est capital, et le temps, compt\u00e9.<\/p>\n<p style=\"text-align: justify;\">La Plan\u00e8te s\u2019invite au parlement est une collectif form\u00e9 de citoyennes et de citoyens b\u00e9n\u00e9voles qui ont d\u00e9cid\u00e9 de mettre leurs forces en commun. Il s\u2019agit d\u2019un groupe ind\u00e9pendant, non partisan, m\u00fb par sa seule volont\u00e9 d\u2019inciter nos gouvernements \u00e0 prendre les mesures n\u00e9cessaires pour r\u00e9pondre \u00e0 l\u2019urgence climatique et, surtout, par celle de redonner espoir \u00e0 la population gr\u00e2ce \u00e0 la mobilisation citoyenne.<\/p>\n<p style=\"text-align: justify;\">Le 10 novembre, venez en grand nombre demander au gouvernement de\u00a0:<\/p>\n<p style=\"text-align: justify;\">1- Reconna\u00eetre que l\u2019urgence climatique et la protection de la biodiversit\u00e9 sont les plus grands d\u00e9fis de notre \u00e9poque et sensibiliser l\u2019ensemble de la population \u00e0 ce sujet;<\/p>\n<p style=\"text-align: justify;\">2- D\u00e9velopper un plan climatique qui respecte les cibles exig\u00e9es par le GIEC, c\u2019est-\u00e0-dire r\u00e9duire les \u00e9missions de GES d\u2019au moins 45% d\u2019ici 2030 (par rapport au niveau de 2010) et les \u00e9liminer compl\u00e8tement d\u2019ici 2050. Pr\u00e9senter \u00e0 la population un rapport annuel d\u00e9taill\u00e9 sur l\u2019atteinte de ces cibles;<\/p>\n<p style=\"text-align: justify;\">3- Interdire tout nouveau projet d\u2019exploration ou d&#8217;exploitation des hydrocarbures, et mettre un terme \u00e0 toutes les subventions directes ou indirectes aux combustibles fossiles.<\/p>\n<p style=\"text-align: justify;\">Participez \u00e0 cette marche si, vous aussi, vous consid\u00e9rez que nous faisons maintenant face au plus grand d\u00e9fi qu\u2019ait jamais connu l\u2019humanit\u00e9. Notre avenir est entre nos mains.<\/p>\n","protected":false},"excerpt":{"rendered":"<p>L\u2019union fait la force. L\u2019enjeu est capital, et le temps, compt\u00e9. La Plan\u00e8te s\u2019invite au parlement est une collectif form\u00e9 de citoyennes et de citoyens b\u00e9n\u00e9voles qui ont d\u00e9cid\u00e9 de mettre leurs forces en commun. Il s\u2019agit d\u2019un groupe ind\u00e9pendant, non partisan, m\u00fb par sa seule volont\u00e9 d\u2019inciter nos gouvernements \u00e0 prendre les mesures n\u00e9cessaires &hellip;<\/p>\n","protected":false},"author":2,"featured_media":0,"comment_status":"closed","ping_status":"open","sticky":false,"template":"","format":"standard","meta":{"footnotes":""},"categories":[1],"tags":[],"class_list":["post-3346","post","type-post","status-publish","format-standard","hentry","category-uncategorized"],"yoast_head":"<!-- This site is optimized with the Yoast SEO plugin v17.3 - https:\/\/yoast.com\/wordpress\/plugins\/seo\/ -->\n<title>La Plan\u00e8te s&#039;invite au parlement - Association de personnes retrait\u00e9es de la FAE<\/title>\n<meta name=\"robots\" content=\"noindex, follow, max-snippet:-1, max-image-preview:large, max-video-preview:-1\" \/>\n<meta property=\"og:locale\" content=\"fr_FR\" \/>\n<meta property=\"og:type\" content=\"article\" \/>\n<meta property=\"og:title\" content=\"La Plan\u00e8te s&#039;invite au parlement - Association de personnes retrait\u00e9es de la FAE\" \/>\n<meta property=\"og:description\" content=\"L\u2019union fait la force. L\u2019enjeu est capital, et le temps, compt\u00e9. La Plan\u00e8te s\u2019invite au parlement est une collectif form\u00e9 de citoyennes et de citoyens b\u00e9n\u00e9voles qui ont d\u00e9cid\u00e9 de mettre leurs forces en commun. Il s\u2019agit d\u2019un groupe ind\u00e9pendant, non partisan, m\u00fb par sa seule volont\u00e9 d\u2019inciter nos gouvernements \u00e0 prendre les mesures n\u00e9cessaires &hellip;\" \/>\n<meta property=\"og:url\" content=\"https:\/\/www.capri-matique.com\/client\/aprfae5\/planete-sinvite-parlement\/\" \/>\n<meta property=\"og:site_name\" content=\"Association de personnes retrait\u00e9es de la FAE\" \/>\n<meta property=\"article:published_time\" content=\"2018-11-09T18:55:38+00:00\" \/>\n<meta property=\"article:modified_time\" content=\"2018-11-09T18:55:39+00:00\" \/>\n<meta name=\"twitter:card\" content=\"summary\" \/>\n<meta name=\"twitter:label1\" content=\"\u00c9crit par\" \/>\n\t<meta name=\"twitter:data1\" content=\"Chantal Couture\" \/>\n\t<meta name=\"twitter:label2\" content=\"Dur\u00e9e de lecture estim\u00e9e\" \/>\n\t<meta name=\"twitter:data2\" content=\"1 minute\" \/>\n<script type=\"application\/ld+json\" class=\"yoast-schema-graph\">{\"@context\":\"https:\/\/schema.org\",\"@graph\":[{\"@type\":\"WebSite\",\"@id\":\"https:\/\/www.capri-matique.com\/client\/aprfae5\/#website\",\"url\":\"https:\/\/www.capri-matique.com\/client\/aprfae5\/\",\"name\":\"Association de personnes retrait\\u00e9es de la FAE\",\"description\":\"L&#039;association qui nous unit\",\"potentialAction\":[{\"@type\":\"SearchAction\",\"target\":{\"@type\":\"EntryPoint\",\"urlTemplate\":\"https:\/\/www.capri-matique.com\/client\/aprfae5\/?s={search_term_string}\"},\"query-input\":\"required name=search_term_string\"}],\"inLanguage\":\"fr-FR\"},{\"@type\":\"WebPage\",\"@id\":\"https:\/\/www.capri-matique.com\/client\/aprfae5\/planete-sinvite-parlement\/#webpage\",\"url\":\"https:\/\/www.capri-matique.com\/client\/aprfae5\/planete-sinvite-parlement\/\",\"name\":\"La Plan\\u00e8te s'invite au parlement - Association de personnes retrait\\u00e9es de la FAE\",\"isPartOf\":{\"@id\":\"https:\/\/www.capri-matique.com\/client\/aprfae5\/#website\"},\"datePublished\":\"2018-11-09T18:55:38+00:00\",\"dateModified\":\"2018-11-09T18:55:39+00:00\",\"author\":{\"@id\":\"https:\/\/www.capri-matique.com\/client\/aprfae5\/#\/schema\/person\/d49ddfd2ee6ceb42ef2fbcdda1753954\"},\"breadcrumb\":{\"@id\":\"https:\/\/www.capri-matique.com\/client\/aprfae5\/planete-sinvite-parlement\/#breadcrumb\"},\"inLanguage\":\"fr-FR\",\"potentialAction\":[{\"@type\":\"ReadAction\",\"target\":[\"https:\/\/www.capri-matique.com\/client\/aprfae5\/planete-sinvite-parlement\/\"]}]},{\"@type\":\"BreadcrumbList\",\"@id\":\"https:\/\/www.capri-matique.com\/client\/aprfae5\/planete-sinvite-parlement\/#breadcrumb\",\"itemListElement\":[{\"@type\":\"ListItem\",\"position\":1,\"name\":\"Accueil\",\"item\":\"https:\/\/www.capri-matique.com\/client\/aprfae5\/\"},{\"@type\":\"ListItem\",\"position\":2,\"name\":\"La Plan\\u00e8te s&#8217;invite au parlement\"}]},{\"@type\":\"Person\",\"@id\":\"https:\/\/www.capri-matique.com\/client\/aprfae5\/#\/schema\/person\/d49ddfd2ee6ceb42ef2fbcdda1753954\",\"name\":\"Chantal Couture\",\"url\":\"https:\/\/www.capri-matique.com\/client\/aprfae5\/author\/chantal-couture\/\"}]}<\/script>\n<!-- \/ Yoast SEO plugin. -->","yoast_head_json":{"title":"La Plan\u00e8te s'invite au parlement - Association de personnes retrait\u00e9es de la FAE","robots":{"index":"noindex","follow":"follow","max-snippet":"max-snippet:-1","max-image-preview":"max-image-preview:large","max-video-preview":"max-video-preview:-1"},"og_locale":"fr_FR","og_type":"article","og_title":"La Plan\u00e8te s'invite au parlement - Association de personnes retrait\u00e9es de la FAE","og_description":"L\u2019union fait la force. L\u2019enjeu est capital, et le temps, compt\u00e9. La Plan\u00e8te s\u2019invite au parlement est une collectif form\u00e9 de citoyennes et de citoyens b\u00e9n\u00e9voles qui ont d\u00e9cid\u00e9 de mettre leurs forces en commun. Il s\u2019agit d\u2019un groupe ind\u00e9pendant, non partisan, m\u00fb par sa seule volont\u00e9 d\u2019inciter nos gouvernements \u00e0 prendre les mesures n\u00e9cessaires &hellip;","og_url":"https:\/\/www.capri-matique.com\/client\/aprfae5\/planete-sinvite-parlement\/","og_site_name":"Association de personnes retrait\u00e9es de la FAE","article_published_time":"2018-11-09T18:55:38+00:00","article_modified_time":"2018-11-09T18:55:39+00:00","twitter_card":"summary","twitter_misc":{"\u00c9crit par":"Chantal Couture","Dur\u00e9e de lecture estim\u00e9e":"1 minute"},"schema":{"@context":"https:\/\/schema.org","@graph":[{"@type":"WebSite","@id":"https:\/\/www.capri-matique.com\/client\/aprfae5\/#website","url":"https:\/\/www.capri-matique.com\/client\/aprfae5\/","name":"Association de personnes retrait\u00e9es de la FAE","description":"L&#039;association qui nous unit","potentialAction":[{"@type":"SearchAction","target":{"@type":"EntryPoint","urlTemplate":"https:\/\/www.capri-matique.com\/client\/aprfae5\/?s={search_term_string}"},"query-input":"required name=search_term_string"}],"inLanguage":"fr-FR"},{"@type":"WebPage","@id":"https:\/\/www.capri-matique.com\/client\/aprfae5\/planete-sinvite-parlement\/#webpage","url":"https:\/\/www.capri-matique.com\/client\/aprfae5\/planete-sinvite-parlement\/","name":"La Plan\u00e8te s'invite au parlement - Association de personnes retrait\u00e9es de la FAE","isPartOf":{"@id":"https:\/\/www.capri-matique.com\/client\/aprfae5\/#website"},"datePublished":"2018-11-09T18:55:38+00:00","dateModified":"2018-11-09T18:55:39+00:00","author":{"@id":"https:\/\/www.capri-matique.com\/client\/aprfae5\/#\/schema\/person\/d49ddfd2ee6ceb42ef2fbcdda1753954"},"breadcrumb":{"@id":"https:\/\/www.capri-matique.com\/client\/aprfae5\/planete-sinvite-parlement\/#breadcrumb"},"inLanguage":"fr-FR","potentialAction":[{"@type":"ReadAction","target":["https:\/\/www.capri-matique.com\/client\/aprfae5\/planete-sinvite-parlement\/"]}]},{"@type":"BreadcrumbList","@id":"https:\/\/www.capri-matique.com\/client\/aprfae5\/planete-sinvite-parlement\/#breadcrumb","itemListElement":[{"@type":"ListItem","position":1,"name":"Accueil","item":"https:\/\/www.capri-matique.com\/client\/aprfae5\/"},{"@type":"ListItem","position":2,"name":"La Plan\u00e8te s&#8217;invite au parlement"}]},{"@type":"Person","@id":"https:\/\/www.capri-matique.com\/client\/aprfae5\/#\/schema\/person\/d49ddfd2ee6ceb42ef2fbcdda1753954","name":"Chantal Couture","url":"https:\/\/www.capri-matique.com\/client\/aprfae5\/author\/chantal-couture\/"}]}},"_links":{"self":[{"href":"https:\/\/www.capri-matique.com\/client\/aprfae5\/wp-json\/wp\/v2\/posts\/3346","targetHints":{"allow":["GET"]}}],"collection":[{"href":"https:\/\/www.capri-matique.com\/client\/aprfae5\/wp-json\/wp\/v2\/posts"}],"about":[{"href":"https:\/\/www.capri-matique.com\/client\/aprfae5\/wp-json\/wp\/v2\/types\/post"}],"author":[{"embeddable":true,"href":"https:\/\/www.capri-matique.com\/client\/aprfae5\/wp-json\/wp\/v2\/users\/2"}],"replies":[{"embeddable":true,"href":"https:\/\/www.capri-matique.com\/client\/aprfae5\/wp-json\/wp\/v2\/comments?post=3346"}],"version-history":[{"count":1,"href":"https:\/\/www.capri-matique.com\/client\/aprfae5\/wp-json\/wp\/v2\/posts\/3346\/revisions"}],"predecessor-version":[{"id":3347,"href":"https:\/\/www.capri-matique.com\/client\/aprfae5\/wp-json\/wp\/v2\/posts\/3346\/revisions\/3347"}],"wp:attachment":[{"href":"https:\/\/www.capri-matique.com\/client\/aprfae5\/wp-json\/wp\/v2\/media?parent=3346"}],"wp:term":[{"taxonomy":"category","embeddable":true,"href":"https:\/\/www.capri-matique.com\/client\/aprfae5\/wp-json\/wp\/v2\/categories?post=3346"},{"taxonomy":"post_tag","embeddable":true,"href":"https:\/\/www.capri-matique.com\/client\/aprfae5\/wp-json\/wp\/v2\/tags?post=3346"}],"curies":[{"name":"wp","href":"https:\/\/api.w.org\/{rel}","templated":true}]}}