{"id":3329,"date":"2018-11-06T15:09:53","date_gmt":"2018-11-06T20:09:53","guid":{"rendered":"https:\/\/capri-matique.com\/client\/aprfae5\/?p=3329"},"modified":"2018-11-06T15:49:31","modified_gmt":"2018-11-06T20:49:31","slug":"semaine-proches-aidants","status":"publish","type":"post","link":"https:\/\/www.capri-matique.com\/client\/aprfae5\/semaine-proches-aidants\/","title":{"rendered":"Semaine des proches aidants"},"content":{"rendered":"<p style=\"text-align: justify;\"><span style=\"font-family: verdana, geneva, sans-serif;\">Proclam\u00e9e \u00ab Semaine nationale des proches aidants \u00bb par le gouvernement du Qu\u00e9bec, la 1\u00e8re semaine de novembre repr\u00e9sente une occasion de saluer le courage et le d\u00e9vouement de toutes les personnes qui s&#8217;occupent d&#8217;un proche qui vit une perte d\u2019autonomie. On souhaite ainsi:<\/span><\/p>\n<p style=\"text-align: justify;\"><span style=\"font-family: verdana, geneva, sans-serif;\">\u2013 Mettre en valeur le r\u00f4le des proches aidants<br \/>\n\u2013 Sensibiliser la population et les pouvoirs publics au r\u00f4le et aux besoins des proches aidants<br \/>\n\u2013 Soutenir les int\u00e9r\u00eats des proches aidants au Qu\u00e9bec.<\/span><\/p>\n<p style=\"text-align: justify;\"><span style=\"font-family: verdana, geneva, sans-serif;\">Au Qu\u00e9bec, environ 1,6 million de personnes sont concern\u00e9es par ce ph\u00e9nom\u00e8ne. De ce nombre, 58 % sont des femmes. Des maisons de r\u00e9pit suppl\u00e9mentaires et la bonification de certains cr\u00e9dits d&#8217;imp\u00f4t pourraient faire partie des solutions afin de mieux soutenir les aidants naturels.<\/span><\/p>\n<p style=\"text-align: justify;\"><span style=\"font-family: verdana, geneva, sans-serif;\">En attendant, l&#8217;APRFAE salue l&#8217;engagement de ces personnes, en leur souhaitant de prendre un peu de temps pour elles-m\u00eames!\u00a0<\/span><\/p>\n","protected":false},"excerpt":{"rendered":"<p>Proclam\u00e9e \u00ab Semaine nationale des proches aidants \u00bb par le gouvernement du Qu\u00e9bec, la 1\u00e8re semaine de novembre repr\u00e9sente une occasion de saluer le courage et le d\u00e9vouement de toutes les personnes qui s&#8217;occupent d&#8217;un proche qui vit une perte d\u2019autonomie. On souhaite ainsi: \u2013 Mettre en valeur le r\u00f4le des proches aidants \u2013 Sensibiliser &hellip;<\/p>\n","protected":false},"author":2,"featured_media":0,"comment_status":"closed","ping_status":"open","sticky":false,"template":"","format":"standard","meta":{"footnotes":""},"categories":[1],"tags":[],"class_list":["post-3329","post","type-post","status-publish","format-standard","hentry","category-uncategorized"],"yoast_head":"<!-- This site is optimized with the Yoast SEO plugin v17.3 - https:\/\/yoast.com\/wordpress\/plugins\/seo\/ -->\n<title>Semaine des proches aidants - Association de personnes retrait\u00e9es de la FAE<\/title>\n<meta name=\"robots\" content=\"noindex, follow, max-snippet:-1, max-image-preview:large, max-video-preview:-1\" \/>\n<meta property=\"og:locale\" content=\"fr_FR\" \/>\n<meta property=\"og:type\" content=\"article\" \/>\n<meta property=\"og:title\" content=\"Semaine des proches aidants - Association de personnes retrait\u00e9es de la FAE\" \/>\n<meta property=\"og:description\" content=\"Proclam\u00e9e \u00ab Semaine nationale des proches aidants \u00bb par le gouvernement du Qu\u00e9bec, la 1\u00e8re semaine de novembre repr\u00e9sente une occasion de saluer le courage et le d\u00e9vouement de toutes les personnes qui s&#8217;occupent d&#8217;un proche qui vit une perte d\u2019autonomie. On souhaite ainsi: \u2013 Mettre en valeur le r\u00f4le des proches aidants \u2013 Sensibiliser &hellip;\" \/>\n<meta property=\"og:url\" content=\"https:\/\/www.capri-matique.com\/client\/aprfae5\/semaine-proches-aidants\/\" \/>\n<meta property=\"og:site_name\" content=\"Association de personnes retrait\u00e9es de la FAE\" \/>\n<meta property=\"article:published_time\" content=\"2018-11-06T20:09:53+00:00\" \/>\n<meta property=\"article:modified_time\" content=\"2018-11-06T20:49:31+00:00\" \/>\n<meta name=\"twitter:card\" content=\"summary\" \/>\n<meta name=\"twitter:label1\" content=\"\u00c9crit par\" \/>\n\t<meta name=\"twitter:data1\" content=\"Chantal Couture\" \/>\n\t<meta name=\"twitter:label2\" content=\"Dur\u00e9e de lecture estim\u00e9e\" \/>\n\t<meta name=\"twitter:data2\" content=\"1 minute\" \/>\n<script type=\"application\/ld+json\" class=\"yoast-schema-graph\">{\"@context\":\"https:\/\/schema.org\",\"@graph\":[{\"@type\":\"WebSite\",\"@id\":\"https:\/\/www.capri-matique.com\/client\/aprfae5\/#website\",\"url\":\"https:\/\/www.capri-matique.com\/client\/aprfae5\/\",\"name\":\"Association de personnes retrait\\u00e9es de la FAE\",\"description\":\"L&#039;association qui nous unit\",\"potentialAction\":[{\"@type\":\"SearchAction\",\"target\":{\"@type\":\"EntryPoint\",\"urlTemplate\":\"https:\/\/www.capri-matique.com\/client\/aprfae5\/?s={search_term_string}\"},\"query-input\":\"required name=search_term_string\"}],\"inLanguage\":\"fr-FR\"},{\"@type\":\"WebPage\",\"@id\":\"https:\/\/www.capri-matique.com\/client\/aprfae5\/semaine-proches-aidants\/#webpage\",\"url\":\"https:\/\/www.capri-matique.com\/client\/aprfae5\/semaine-proches-aidants\/\",\"name\":\"Semaine des proches aidants - Association de personnes retrait\\u00e9es de la FAE\",\"isPartOf\":{\"@id\":\"https:\/\/www.capri-matique.com\/client\/aprfae5\/#website\"},\"datePublished\":\"2018-11-06T20:09:53+00:00\",\"dateModified\":\"2018-11-06T20:49:31+00:00\",\"author\":{\"@id\":\"https:\/\/www.capri-matique.com\/client\/aprfae5\/#\/schema\/person\/d49ddfd2ee6ceb42ef2fbcdda1753954\"},\"breadcrumb\":{\"@id\":\"https:\/\/www.capri-matique.com\/client\/aprfae5\/semaine-proches-aidants\/#breadcrumb\"},\"inLanguage\":\"fr-FR\",\"potentialAction\":[{\"@type\":\"ReadAction\",\"target\":[\"https:\/\/www.capri-matique.com\/client\/aprfae5\/semaine-proches-aidants\/\"]}]},{\"@type\":\"BreadcrumbList\",\"@id\":\"https:\/\/www.capri-matique.com\/client\/aprfae5\/semaine-proches-aidants\/#breadcrumb\",\"itemListElement\":[{\"@type\":\"ListItem\",\"position\":1,\"name\":\"Accueil\",\"item\":\"https:\/\/www.capri-matique.com\/client\/aprfae5\/\"},{\"@type\":\"ListItem\",\"position\":2,\"name\":\"Semaine des proches aidants\"}]},{\"@type\":\"Person\",\"@id\":\"https:\/\/www.capri-matique.com\/client\/aprfae5\/#\/schema\/person\/d49ddfd2ee6ceb42ef2fbcdda1753954\",\"name\":\"Chantal Couture\",\"url\":\"https:\/\/www.capri-matique.com\/client\/aprfae5\/author\/chantal-couture\/\"}]}<\/script>\n<!-- \/ Yoast SEO plugin. -->","yoast_head_json":{"title":"Semaine des proches aidants - Association de personnes retrait\u00e9es de la FAE","robots":{"index":"noindex","follow":"follow","max-snippet":"max-snippet:-1","max-image-preview":"max-image-preview:large","max-video-preview":"max-video-preview:-1"},"og_locale":"fr_FR","og_type":"article","og_title":"Semaine des proches aidants - Association de personnes retrait\u00e9es de la FAE","og_description":"Proclam\u00e9e \u00ab Semaine nationale des proches aidants \u00bb par le gouvernement du Qu\u00e9bec, la 1\u00e8re semaine de novembre repr\u00e9sente une occasion de saluer le courage et le d\u00e9vouement de toutes les personnes qui s&#8217;occupent d&#8217;un proche qui vit une perte d\u2019autonomie. On souhaite ainsi: \u2013 Mettre en valeur le r\u00f4le des proches aidants \u2013 Sensibiliser &hellip;","og_url":"https:\/\/www.capri-matique.com\/client\/aprfae5\/semaine-proches-aidants\/","og_site_name":"Association de personnes retrait\u00e9es de la FAE","article_published_time":"2018-11-06T20:09:53+00:00","article_modified_time":"2018-11-06T20:49:31+00:00","twitter_card":"summary","twitter_misc":{"\u00c9crit par":"Chantal Couture","Dur\u00e9e de lecture estim\u00e9e":"1 minute"},"schema":{"@context":"https:\/\/schema.org","@graph":[{"@type":"WebSite","@id":"https:\/\/www.capri-matique.com\/client\/aprfae5\/#website","url":"https:\/\/www.capri-matique.com\/client\/aprfae5\/","name":"Association de personnes retrait\u00e9es de la FAE","description":"L&#039;association qui nous unit","potentialAction":[{"@type":"SearchAction","target":{"@type":"EntryPoint","urlTemplate":"https:\/\/www.capri-matique.com\/client\/aprfae5\/?s={search_term_string}"},"query-input":"required name=search_term_string"}],"inLanguage":"fr-FR"},{"@type":"WebPage","@id":"https:\/\/www.capri-matique.com\/client\/aprfae5\/semaine-proches-aidants\/#webpage","url":"https:\/\/www.capri-matique.com\/client\/aprfae5\/semaine-proches-aidants\/","name":"Semaine des proches aidants - Association de personnes retrait\u00e9es de la FAE","isPartOf":{"@id":"https:\/\/www.capri-matique.com\/client\/aprfae5\/#website"},"datePublished":"2018-11-06T20:09:53+00:00","dateModified":"2018-11-06T20:49:31+00:00","author":{"@id":"https:\/\/www.capri-matique.com\/client\/aprfae5\/#\/schema\/person\/d49ddfd2ee6ceb42ef2fbcdda1753954"},"breadcrumb":{"@id":"https:\/\/www.capri-matique.com\/client\/aprfae5\/semaine-proches-aidants\/#breadcrumb"},"inLanguage":"fr-FR","potentialAction":[{"@type":"ReadAction","target":["https:\/\/www.capri-matique.com\/client\/aprfae5\/semaine-proches-aidants\/"]}]},{"@type":"BreadcrumbList","@id":"https:\/\/www.capri-matique.com\/client\/aprfae5\/semaine-proches-aidants\/#breadcrumb","itemListElement":[{"@type":"ListItem","position":1,"name":"Accueil","item":"https:\/\/www.capri-matique.com\/client\/aprfae5\/"},{"@type":"ListItem","position":2,"name":"Semaine des proches aidants"}]},{"@type":"Person","@id":"https:\/\/www.capri-matique.com\/client\/aprfae5\/#\/schema\/person\/d49ddfd2ee6ceb42ef2fbcdda1753954","name":"Chantal Couture","url":"https:\/\/www.capri-matique.com\/client\/aprfae5\/author\/chantal-couture\/"}]}},"_links":{"self":[{"href":"https:\/\/www.capri-matique.com\/client\/aprfae5\/wp-json\/wp\/v2\/posts\/3329","targetHints":{"allow":["GET"]}}],"collection":[{"href":"https:\/\/www.capri-matique.com\/client\/aprfae5\/wp-json\/wp\/v2\/posts"}],"about":[{"href":"https:\/\/www.capri-matique.com\/client\/aprfae5\/wp-json\/wp\/v2\/types\/post"}],"author":[{"embeddable":true,"href":"https:\/\/www.capri-matique.com\/client\/aprfae5\/wp-json\/wp\/v2\/users\/2"}],"replies":[{"embeddable":true,"href":"https:\/\/www.capri-matique.com\/client\/aprfae5\/wp-json\/wp\/v2\/comments?post=3329"}],"version-history":[{"count":2,"href":"https:\/\/www.capri-matique.com\/client\/aprfae5\/wp-json\/wp\/v2\/posts\/3329\/revisions"}],"predecessor-version":[{"id":3336,"href":"https:\/\/www.capri-matique.com\/client\/aprfae5\/wp-json\/wp\/v2\/posts\/3329\/revisions\/3336"}],"wp:attachment":[{"href":"https:\/\/www.capri-matique.com\/client\/aprfae5\/wp-json\/wp\/v2\/media?parent=3329"}],"wp:term":[{"taxonomy":"category","embeddable":true,"href":"https:\/\/www.capri-matique.com\/client\/aprfae5\/wp-json\/wp\/v2\/categories?post=3329"},{"taxonomy":"post_tag","embeddable":true,"href":"https:\/\/www.capri-matique.com\/client\/aprfae5\/wp-json\/wp\/v2\/tags?post=3329"}],"curies":[{"name":"wp","href":"https:\/\/api.w.org\/{rel}","templated":true}]}}