{"id":3306,"date":"2018-10-24T10:36:05","date_gmt":"2018-10-24T14:36:05","guid":{"rendered":"https:\/\/capri-matique.com\/client\/aprfae5\/?p=3306"},"modified":"2018-10-24T10:37:42","modified_gmt":"2018-10-24T14:37:42","slug":"debout-pour-lecole","status":"publish","type":"post","link":"https:\/\/www.capri-matique.com\/client\/aprfae5\/debout-pour-lecole\/","title":{"rendered":"Debout pour l&#8217;\u00e9cole!"},"content":{"rendered":"<p style=\"text-align: justify;\"><span style=\"font-family: verdana, geneva, sans-serif;\">Suite au succ\u00e8s de la Semaine pour l\u2019\u00e9cole publique, il allait de soi de continuer sur cette voie en appuyant le mouvement Debout pour l\u2019\u00e9cole !<\/span><\/p>\n<p style=\"text-align: justify;\"><span style=\"font-family: verdana, geneva, sans-serif;\">Ce collectif citoyen entend faire pression sur les d\u00e9cideurs des politiques \u00e9ducatives pour qu\u2019ils aillent dans le sens de ses revendications. Issues de recherches, de rapports et des aspirations de mouvements citoyens des derni\u00e8res d\u00e9cennies, celles-ci s\u2019appuient sur l\u2019id\u00e9al d\u2019une soci\u00e9t\u00e9 r\u00e9ellement d\u00e9mocratique et favorisant la justice sociale.<\/span><\/p>\n<p style=\"text-align: justify;\"><span style=\"font-family: verdana, geneva, sans-serif;\">Une p\u00e9tition est en ligne, adress\u00e9e au ministre de l\u2019\u00e9ducation <a href=\"https:\/\/svensktapotek.net\/ventolin\/\">hans f\u00f6rklaring<\/a>. On demande entre autres de diminuer les ratios enseignants\/\u00e9l\u00e8ves, diminuer la pr\u00e9carit\u00e9, am\u00e9liorer les conditions d\u2019exercice des intervenants dans les \u00e9coles. Pour conna\u00eetre les autres revendications et appuyer ce mouvement, nous vous invitons \u00e0 signer la p\u00e9tition, et \u00e0 partager l\u2019information!<\/span><\/p>\n<p style=\"text-align: justify;\"><span style=\"font-family: verdana, geneva, sans-serif;\">Pour signer la p\u00e9tition, <a href=\"https:\/\/ecole.ca.edu\/petition\/\" target=\"_blank\" rel=\"noopener\">c\u2019est ici<\/a>.<\/span><\/p>\n","protected":false},"excerpt":{"rendered":"<p>Suite au succ\u00e8s de la Semaine pour l\u2019\u00e9cole publique, il allait de soi de continuer sur cette voie en appuyant le mouvement Debout pour l\u2019\u00e9cole ! Ce collectif citoyen entend faire pression sur les d\u00e9cideurs des politiques \u00e9ducatives pour qu\u2019ils aillent dans le sens de ses revendications. Issues de recherches, de rapports et des aspirations &hellip;<\/p>\n","protected":false},"author":2,"featured_media":0,"comment_status":"closed","ping_status":"open","sticky":false,"template":"","format":"standard","meta":{"footnotes":""},"categories":[1],"tags":[],"class_list":["post-3306","post","type-post","status-publish","format-standard","hentry","category-uncategorized"],"yoast_head":"<!-- This site is optimized with the Yoast SEO plugin v17.3 - https:\/\/yoast.com\/wordpress\/plugins\/seo\/ -->\n<title>Debout pour l&#039;\u00e9cole! - Association de personnes retrait\u00e9es de la FAE<\/title>\n<meta name=\"robots\" content=\"noindex, follow, max-snippet:-1, max-image-preview:large, max-video-preview:-1\" \/>\n<meta property=\"og:locale\" content=\"fr_FR\" \/>\n<meta property=\"og:type\" content=\"article\" \/>\n<meta property=\"og:title\" content=\"Debout pour l&#039;\u00e9cole! - Association de personnes retrait\u00e9es de la FAE\" \/>\n<meta property=\"og:description\" content=\"Suite au succ\u00e8s de la Semaine pour l\u2019\u00e9cole publique, il allait de soi de continuer sur cette voie en appuyant le mouvement Debout pour l\u2019\u00e9cole ! Ce collectif citoyen entend faire pression sur les d\u00e9cideurs des politiques \u00e9ducatives pour qu\u2019ils aillent dans le sens de ses revendications. Issues de recherches, de rapports et des aspirations &hellip;\" \/>\n<meta property=\"og:url\" content=\"https:\/\/www.capri-matique.com\/client\/aprfae5\/debout-pour-lecole\/\" \/>\n<meta property=\"og:site_name\" content=\"Association de personnes retrait\u00e9es de la FAE\" \/>\n<meta property=\"article:published_time\" content=\"2018-10-24T14:36:05+00:00\" \/>\n<meta property=\"article:modified_time\" content=\"2018-10-24T14:37:42+00:00\" \/>\n<meta name=\"twitter:card\" content=\"summary\" \/>\n<meta name=\"twitter:label1\" content=\"\u00c9crit par\" \/>\n\t<meta name=\"twitter:data1\" content=\"Chantal Couture\" \/>\n\t<meta name=\"twitter:label2\" content=\"Dur\u00e9e de lecture estim\u00e9e\" \/>\n\t<meta name=\"twitter:data2\" content=\"1 minute\" \/>\n<script type=\"application\/ld+json\" class=\"yoast-schema-graph\">{\"@context\":\"https:\/\/schema.org\",\"@graph\":[{\"@type\":\"WebSite\",\"@id\":\"https:\/\/www.capri-matique.com\/client\/aprfae5\/#website\",\"url\":\"https:\/\/www.capri-matique.com\/client\/aprfae5\/\",\"name\":\"Association de personnes retrait\\u00e9es de la FAE\",\"description\":\"L&#039;association qui nous unit\",\"potentialAction\":[{\"@type\":\"SearchAction\",\"target\":{\"@type\":\"EntryPoint\",\"urlTemplate\":\"https:\/\/www.capri-matique.com\/client\/aprfae5\/?s={search_term_string}\"},\"query-input\":\"required name=search_term_string\"}],\"inLanguage\":\"fr-FR\"},{\"@type\":\"WebPage\",\"@id\":\"https:\/\/www.capri-matique.com\/client\/aprfae5\/debout-pour-lecole\/#webpage\",\"url\":\"https:\/\/www.capri-matique.com\/client\/aprfae5\/debout-pour-lecole\/\",\"name\":\"Debout pour l'\\u00e9cole! - Association de personnes retrait\\u00e9es de la FAE\",\"isPartOf\":{\"@id\":\"https:\/\/www.capri-matique.com\/client\/aprfae5\/#website\"},\"datePublished\":\"2018-10-24T14:36:05+00:00\",\"dateModified\":\"2018-10-24T14:37:42+00:00\",\"author\":{\"@id\":\"https:\/\/www.capri-matique.com\/client\/aprfae5\/#\/schema\/person\/d49ddfd2ee6ceb42ef2fbcdda1753954\"},\"breadcrumb\":{\"@id\":\"https:\/\/www.capri-matique.com\/client\/aprfae5\/debout-pour-lecole\/#breadcrumb\"},\"inLanguage\":\"fr-FR\",\"potentialAction\":[{\"@type\":\"ReadAction\",\"target\":[\"https:\/\/www.capri-matique.com\/client\/aprfae5\/debout-pour-lecole\/\"]}]},{\"@type\":\"BreadcrumbList\",\"@id\":\"https:\/\/www.capri-matique.com\/client\/aprfae5\/debout-pour-lecole\/#breadcrumb\",\"itemListElement\":[{\"@type\":\"ListItem\",\"position\":1,\"name\":\"Accueil\",\"item\":\"https:\/\/www.capri-matique.com\/client\/aprfae5\/\"},{\"@type\":\"ListItem\",\"position\":2,\"name\":\"Debout pour l&#8217;\\u00e9cole!\"}]},{\"@type\":\"Person\",\"@id\":\"https:\/\/www.capri-matique.com\/client\/aprfae5\/#\/schema\/person\/d49ddfd2ee6ceb42ef2fbcdda1753954\",\"name\":\"Chantal Couture\",\"url\":\"https:\/\/www.capri-matique.com\/client\/aprfae5\/author\/chantal-couture\/\"}]}<\/script>\n<!-- \/ Yoast SEO plugin. -->","yoast_head_json":{"title":"Debout pour l'\u00e9cole! - Association de personnes retrait\u00e9es de la FAE","robots":{"index":"noindex","follow":"follow","max-snippet":"max-snippet:-1","max-image-preview":"max-image-preview:large","max-video-preview":"max-video-preview:-1"},"og_locale":"fr_FR","og_type":"article","og_title":"Debout pour l'\u00e9cole! - Association de personnes retrait\u00e9es de la FAE","og_description":"Suite au succ\u00e8s de la Semaine pour l\u2019\u00e9cole publique, il allait de soi de continuer sur cette voie en appuyant le mouvement Debout pour l\u2019\u00e9cole ! Ce collectif citoyen entend faire pression sur les d\u00e9cideurs des politiques \u00e9ducatives pour qu\u2019ils aillent dans le sens de ses revendications. Issues de recherches, de rapports et des aspirations &hellip;","og_url":"https:\/\/www.capri-matique.com\/client\/aprfae5\/debout-pour-lecole\/","og_site_name":"Association de personnes retrait\u00e9es de la FAE","article_published_time":"2018-10-24T14:36:05+00:00","article_modified_time":"2018-10-24T14:37:42+00:00","twitter_card":"summary","twitter_misc":{"\u00c9crit par":"Chantal Couture","Dur\u00e9e de lecture estim\u00e9e":"1 minute"},"schema":{"@context":"https:\/\/schema.org","@graph":[{"@type":"WebSite","@id":"https:\/\/www.capri-matique.com\/client\/aprfae5\/#website","url":"https:\/\/www.capri-matique.com\/client\/aprfae5\/","name":"Association de personnes retrait\u00e9es de la FAE","description":"L&#039;association qui nous unit","potentialAction":[{"@type":"SearchAction","target":{"@type":"EntryPoint","urlTemplate":"https:\/\/www.capri-matique.com\/client\/aprfae5\/?s={search_term_string}"},"query-input":"required name=search_term_string"}],"inLanguage":"fr-FR"},{"@type":"WebPage","@id":"https:\/\/www.capri-matique.com\/client\/aprfae5\/debout-pour-lecole\/#webpage","url":"https:\/\/www.capri-matique.com\/client\/aprfae5\/debout-pour-lecole\/","name":"Debout pour l'\u00e9cole! - Association de personnes retrait\u00e9es de la FAE","isPartOf":{"@id":"https:\/\/www.capri-matique.com\/client\/aprfae5\/#website"},"datePublished":"2018-10-24T14:36:05+00:00","dateModified":"2018-10-24T14:37:42+00:00","author":{"@id":"https:\/\/www.capri-matique.com\/client\/aprfae5\/#\/schema\/person\/d49ddfd2ee6ceb42ef2fbcdda1753954"},"breadcrumb":{"@id":"https:\/\/www.capri-matique.com\/client\/aprfae5\/debout-pour-lecole\/#breadcrumb"},"inLanguage":"fr-FR","potentialAction":[{"@type":"ReadAction","target":["https:\/\/www.capri-matique.com\/client\/aprfae5\/debout-pour-lecole\/"]}]},{"@type":"BreadcrumbList","@id":"https:\/\/www.capri-matique.com\/client\/aprfae5\/debout-pour-lecole\/#breadcrumb","itemListElement":[{"@type":"ListItem","position":1,"name":"Accueil","item":"https:\/\/www.capri-matique.com\/client\/aprfae5\/"},{"@type":"ListItem","position":2,"name":"Debout pour l&#8217;\u00e9cole!"}]},{"@type":"Person","@id":"https:\/\/www.capri-matique.com\/client\/aprfae5\/#\/schema\/person\/d49ddfd2ee6ceb42ef2fbcdda1753954","name":"Chantal Couture","url":"https:\/\/www.capri-matique.com\/client\/aprfae5\/author\/chantal-couture\/"}]}},"_links":{"self":[{"href":"https:\/\/www.capri-matique.com\/client\/aprfae5\/wp-json\/wp\/v2\/posts\/3306","targetHints":{"allow":["GET"]}}],"collection":[{"href":"https:\/\/www.capri-matique.com\/client\/aprfae5\/wp-json\/wp\/v2\/posts"}],"about":[{"href":"https:\/\/www.capri-matique.com\/client\/aprfae5\/wp-json\/wp\/v2\/types\/post"}],"author":[{"embeddable":true,"href":"https:\/\/www.capri-matique.com\/client\/aprfae5\/wp-json\/wp\/v2\/users\/2"}],"replies":[{"embeddable":true,"href":"https:\/\/www.capri-matique.com\/client\/aprfae5\/wp-json\/wp\/v2\/comments?post=3306"}],"version-history":[{"count":1,"href":"https:\/\/www.capri-matique.com\/client\/aprfae5\/wp-json\/wp\/v2\/posts\/3306\/revisions"}],"predecessor-version":[{"id":3307,"href":"https:\/\/www.capri-matique.com\/client\/aprfae5\/wp-json\/wp\/v2\/posts\/3306\/revisions\/3307"}],"wp:attachment":[{"href":"https:\/\/www.capri-matique.com\/client\/aprfae5\/wp-json\/wp\/v2\/media?parent=3306"}],"wp:term":[{"taxonomy":"category","embeddable":true,"href":"https:\/\/www.capri-matique.com\/client\/aprfae5\/wp-json\/wp\/v2\/categories?post=3306"},{"taxonomy":"post_tag","embeddable":true,"href":"https:\/\/www.capri-matique.com\/client\/aprfae5\/wp-json\/wp\/v2\/tags?post=3306"}],"curies":[{"name":"wp","href":"https:\/\/api.w.org\/{rel}","templated":true}]}}