{"id":3286,"date":"2018-10-04T13:47:58","date_gmt":"2018-10-04T17:47:58","guid":{"rendered":"https:\/\/capri-matique.com\/client\/aprfae5\/?p=3286"},"modified":"2018-10-04T13:47:58","modified_gmt":"2018-10-04T17:47:58","slug":"semaine-lecole-publique-edition-2018","status":"publish","type":"post","link":"https:\/\/www.capri-matique.com\/client\/aprfae5\/semaine-lecole-publique-edition-2018\/","title":{"rendered":"Semaine pour l&#8217;\u00e9cole publique &#8211; \u00c9dition 2018"},"content":{"rendered":"<div class=\"_1mf _1mj\" style=\"text-align: center;\" data-offset-key=\"at9qq-0-0\">\n<p style=\"text-align: justify;\">La 9e Semaine pour l\u2019\u00e9cole publique est lanc\u00e9e! Pour une deuxi\u00e8me ann\u00e9e, le porte-parole Philippe Laprise invite la population qu\u00e9b\u00e9coise \u00e0 c\u00e9l\u00e9brer et \u00e0 soutenir l\u2019\u00e9cole publique \u00e0 travers diff\u00e9rents \u00e9v\u00e9nements rassembleurs. Le jeudi 4 octobre, le vendredi 5 octobre, le mardi 9 octobre et le mercredi 10 octobre, Philippe Laprise ira visiter plusieurs \u00e9coles et centres dans les r\u00e9gions de l\u2019Outaouais, de Montr\u00e9al, de Laval et des Basses-Laurentides. \u00c0 cette occasion, il encouragera les \u00e9l\u00e8ves, leurs enseignantes et enseignants, ainsi que tous les personnels en \u00e9ducation \u00e0 c\u00e9l\u00e9brer leur \u00e9cole publique. Gr\u00e2ce \u00e0 diff\u00e9rentes activit\u00e9s pr\u00e9vues lors de chaque visite, Philippe Laprise prendra connaissance de nombreux projets stimulants qui sont mis sur pied dans diff\u00e9rents milieux et il aura droit \u00e0 quelques surprises!<\/p>\n<\/div>\n<p>Pour voir l&#8217;horaire des activit\u00e9s,\u00a0<a href=\"https:\/\/www.lafae.qc.ca\/spep-calendrier2018\/\" target=\"_blank\" rel=\"noopener\">cliquez ici<\/a>!<\/p>\n","protected":false},"excerpt":{"rendered":"<p>La 9e Semaine pour l\u2019\u00e9cole publique est lanc\u00e9e! Pour une deuxi\u00e8me ann\u00e9e, le porte-parole Philippe Laprise invite la population qu\u00e9b\u00e9coise \u00e0 c\u00e9l\u00e9brer et \u00e0 soutenir l\u2019\u00e9cole publique \u00e0 travers diff\u00e9rents \u00e9v\u00e9nements rassembleurs. Le jeudi 4 octobre, le vendredi 5 octobre, le mardi 9 octobre et le mercredi 10 octobre, Philippe Laprise ira visiter plusieurs \u00e9coles &hellip;<\/p>\n","protected":false},"author":2,"featured_media":0,"comment_status":"closed","ping_status":"open","sticky":false,"template":"","format":"standard","meta":{"footnotes":""},"categories":[1],"tags":[],"class_list":["post-3286","post","type-post","status-publish","format-standard","hentry","category-uncategorized"],"yoast_head":"<!-- This site is optimized with the Yoast SEO plugin v17.3 - https:\/\/yoast.com\/wordpress\/plugins\/seo\/ -->\n<title>Semaine pour l&#039;\u00e9cole publique - \u00c9dition 2018 - Association de personnes retrait\u00e9es de la FAE<\/title>\n<meta name=\"robots\" content=\"noindex, follow, max-snippet:-1, max-image-preview:large, max-video-preview:-1\" \/>\n<meta property=\"og:locale\" content=\"fr_FR\" \/>\n<meta property=\"og:type\" content=\"article\" \/>\n<meta property=\"og:title\" content=\"Semaine pour l&#039;\u00e9cole publique - \u00c9dition 2018 - Association de personnes retrait\u00e9es de la FAE\" \/>\n<meta property=\"og:description\" content=\"La 9e Semaine pour l\u2019\u00e9cole publique est lanc\u00e9e! Pour une deuxi\u00e8me ann\u00e9e, le porte-parole Philippe Laprise invite la population qu\u00e9b\u00e9coise \u00e0 c\u00e9l\u00e9brer et \u00e0 soutenir l\u2019\u00e9cole publique \u00e0 travers diff\u00e9rents \u00e9v\u00e9nements rassembleurs. Le jeudi 4 octobre, le vendredi 5 octobre, le mardi 9 octobre et le mercredi 10 octobre, Philippe Laprise ira visiter plusieurs \u00e9coles &hellip;\" \/>\n<meta property=\"og:url\" content=\"https:\/\/www.capri-matique.com\/client\/aprfae5\/semaine-lecole-publique-edition-2018\/\" \/>\n<meta property=\"og:site_name\" content=\"Association de personnes retrait\u00e9es de la FAE\" \/>\n<meta property=\"article:published_time\" content=\"2018-10-04T17:47:58+00:00\" \/>\n<meta name=\"twitter:card\" content=\"summary\" \/>\n<meta name=\"twitter:label1\" content=\"\u00c9crit par\" \/>\n\t<meta name=\"twitter:data1\" content=\"Chantal Couture\" \/>\n\t<meta name=\"twitter:label2\" content=\"Dur\u00e9e de lecture estim\u00e9e\" \/>\n\t<meta name=\"twitter:data2\" content=\"1 minute\" \/>\n<script type=\"application\/ld+json\" class=\"yoast-schema-graph\">{\"@context\":\"https:\/\/schema.org\",\"@graph\":[{\"@type\":\"WebSite\",\"@id\":\"https:\/\/www.capri-matique.com\/client\/aprfae5\/#website\",\"url\":\"https:\/\/www.capri-matique.com\/client\/aprfae5\/\",\"name\":\"Association de personnes retrait\\u00e9es de la FAE\",\"description\":\"L&#039;association qui nous unit\",\"potentialAction\":[{\"@type\":\"SearchAction\",\"target\":{\"@type\":\"EntryPoint\",\"urlTemplate\":\"https:\/\/www.capri-matique.com\/client\/aprfae5\/?s={search_term_string}\"},\"query-input\":\"required name=search_term_string\"}],\"inLanguage\":\"fr-FR\"},{\"@type\":\"WebPage\",\"@id\":\"https:\/\/www.capri-matique.com\/client\/aprfae5\/semaine-lecole-publique-edition-2018\/#webpage\",\"url\":\"https:\/\/www.capri-matique.com\/client\/aprfae5\/semaine-lecole-publique-edition-2018\/\",\"name\":\"Semaine pour l'\\u00e9cole publique - \\u00c9dition 2018 - Association de personnes retrait\\u00e9es de la FAE\",\"isPartOf\":{\"@id\":\"https:\/\/www.capri-matique.com\/client\/aprfae5\/#website\"},\"datePublished\":\"2018-10-04T17:47:58+00:00\",\"dateModified\":\"2018-10-04T17:47:58+00:00\",\"author\":{\"@id\":\"https:\/\/www.capri-matique.com\/client\/aprfae5\/#\/schema\/person\/d49ddfd2ee6ceb42ef2fbcdda1753954\"},\"breadcrumb\":{\"@id\":\"https:\/\/www.capri-matique.com\/client\/aprfae5\/semaine-lecole-publique-edition-2018\/#breadcrumb\"},\"inLanguage\":\"fr-FR\",\"potentialAction\":[{\"@type\":\"ReadAction\",\"target\":[\"https:\/\/www.capri-matique.com\/client\/aprfae5\/semaine-lecole-publique-edition-2018\/\"]}]},{\"@type\":\"BreadcrumbList\",\"@id\":\"https:\/\/www.capri-matique.com\/client\/aprfae5\/semaine-lecole-publique-edition-2018\/#breadcrumb\",\"itemListElement\":[{\"@type\":\"ListItem\",\"position\":1,\"name\":\"Accueil\",\"item\":\"https:\/\/www.capri-matique.com\/client\/aprfae5\/\"},{\"@type\":\"ListItem\",\"position\":2,\"name\":\"Semaine pour l&#8217;\\u00e9cole publique &#8211; \\u00c9dition 2018\"}]},{\"@type\":\"Person\",\"@id\":\"https:\/\/www.capri-matique.com\/client\/aprfae5\/#\/schema\/person\/d49ddfd2ee6ceb42ef2fbcdda1753954\",\"name\":\"Chantal Couture\",\"url\":\"https:\/\/www.capri-matique.com\/client\/aprfae5\/author\/chantal-couture\/\"}]}<\/script>\n<!-- \/ Yoast SEO plugin. -->","yoast_head_json":{"title":"Semaine pour l'\u00e9cole publique - \u00c9dition 2018 - Association de personnes retrait\u00e9es de la FAE","robots":{"index":"noindex","follow":"follow","max-snippet":"max-snippet:-1","max-image-preview":"max-image-preview:large","max-video-preview":"max-video-preview:-1"},"og_locale":"fr_FR","og_type":"article","og_title":"Semaine pour l'\u00e9cole publique - \u00c9dition 2018 - Association de personnes retrait\u00e9es de la FAE","og_description":"La 9e Semaine pour l\u2019\u00e9cole publique est lanc\u00e9e! Pour une deuxi\u00e8me ann\u00e9e, le porte-parole Philippe Laprise invite la population qu\u00e9b\u00e9coise \u00e0 c\u00e9l\u00e9brer et \u00e0 soutenir l\u2019\u00e9cole publique \u00e0 travers diff\u00e9rents \u00e9v\u00e9nements rassembleurs. Le jeudi 4 octobre, le vendredi 5 octobre, le mardi 9 octobre et le mercredi 10 octobre, Philippe Laprise ira visiter plusieurs \u00e9coles &hellip;","og_url":"https:\/\/www.capri-matique.com\/client\/aprfae5\/semaine-lecole-publique-edition-2018\/","og_site_name":"Association de personnes retrait\u00e9es de la FAE","article_published_time":"2018-10-04T17:47:58+00:00","twitter_card":"summary","twitter_misc":{"\u00c9crit par":"Chantal Couture","Dur\u00e9e de lecture estim\u00e9e":"1 minute"},"schema":{"@context":"https:\/\/schema.org","@graph":[{"@type":"WebSite","@id":"https:\/\/www.capri-matique.com\/client\/aprfae5\/#website","url":"https:\/\/www.capri-matique.com\/client\/aprfae5\/","name":"Association de personnes retrait\u00e9es de la FAE","description":"L&#039;association qui nous unit","potentialAction":[{"@type":"SearchAction","target":{"@type":"EntryPoint","urlTemplate":"https:\/\/www.capri-matique.com\/client\/aprfae5\/?s={search_term_string}"},"query-input":"required name=search_term_string"}],"inLanguage":"fr-FR"},{"@type":"WebPage","@id":"https:\/\/www.capri-matique.com\/client\/aprfae5\/semaine-lecole-publique-edition-2018\/#webpage","url":"https:\/\/www.capri-matique.com\/client\/aprfae5\/semaine-lecole-publique-edition-2018\/","name":"Semaine pour l'\u00e9cole publique - \u00c9dition 2018 - Association de personnes retrait\u00e9es de la FAE","isPartOf":{"@id":"https:\/\/www.capri-matique.com\/client\/aprfae5\/#website"},"datePublished":"2018-10-04T17:47:58+00:00","dateModified":"2018-10-04T17:47:58+00:00","author":{"@id":"https:\/\/www.capri-matique.com\/client\/aprfae5\/#\/schema\/person\/d49ddfd2ee6ceb42ef2fbcdda1753954"},"breadcrumb":{"@id":"https:\/\/www.capri-matique.com\/client\/aprfae5\/semaine-lecole-publique-edition-2018\/#breadcrumb"},"inLanguage":"fr-FR","potentialAction":[{"@type":"ReadAction","target":["https:\/\/www.capri-matique.com\/client\/aprfae5\/semaine-lecole-publique-edition-2018\/"]}]},{"@type":"BreadcrumbList","@id":"https:\/\/www.capri-matique.com\/client\/aprfae5\/semaine-lecole-publique-edition-2018\/#breadcrumb","itemListElement":[{"@type":"ListItem","position":1,"name":"Accueil","item":"https:\/\/www.capri-matique.com\/client\/aprfae5\/"},{"@type":"ListItem","position":2,"name":"Semaine pour l&#8217;\u00e9cole publique &#8211; \u00c9dition 2018"}]},{"@type":"Person","@id":"https:\/\/www.capri-matique.com\/client\/aprfae5\/#\/schema\/person\/d49ddfd2ee6ceb42ef2fbcdda1753954","name":"Chantal Couture","url":"https:\/\/www.capri-matique.com\/client\/aprfae5\/author\/chantal-couture\/"}]}},"_links":{"self":[{"href":"https:\/\/www.capri-matique.com\/client\/aprfae5\/wp-json\/wp\/v2\/posts\/3286","targetHints":{"allow":["GET"]}}],"collection":[{"href":"https:\/\/www.capri-matique.com\/client\/aprfae5\/wp-json\/wp\/v2\/posts"}],"about":[{"href":"https:\/\/www.capri-matique.com\/client\/aprfae5\/wp-json\/wp\/v2\/types\/post"}],"author":[{"embeddable":true,"href":"https:\/\/www.capri-matique.com\/client\/aprfae5\/wp-json\/wp\/v2\/users\/2"}],"replies":[{"embeddable":true,"href":"https:\/\/www.capri-matique.com\/client\/aprfae5\/wp-json\/wp\/v2\/comments?post=3286"}],"version-history":[{"count":1,"href":"https:\/\/www.capri-matique.com\/client\/aprfae5\/wp-json\/wp\/v2\/posts\/3286\/revisions"}],"predecessor-version":[{"id":3287,"href":"https:\/\/www.capri-matique.com\/client\/aprfae5\/wp-json\/wp\/v2\/posts\/3286\/revisions\/3287"}],"wp:attachment":[{"href":"https:\/\/www.capri-matique.com\/client\/aprfae5\/wp-json\/wp\/v2\/media?parent=3286"}],"wp:term":[{"taxonomy":"category","embeddable":true,"href":"https:\/\/www.capri-matique.com\/client\/aprfae5\/wp-json\/wp\/v2\/categories?post=3286"},{"taxonomy":"post_tag","embeddable":true,"href":"https:\/\/www.capri-matique.com\/client\/aprfae5\/wp-json\/wp\/v2\/tags?post=3286"}],"curies":[{"name":"wp","href":"https:\/\/api.w.org\/{rel}","templated":true}]}}