{"id":3272,"date":"2018-10-02T16:23:32","date_gmt":"2018-10-02T20:23:32","guid":{"rendered":"https:\/\/capri-matique.com\/client\/aprfae5\/?p=3272"},"modified":"2018-10-02T16:23:33","modified_gmt":"2018-10-02T20:23:33","slug":"journee-internationale-aines","status":"publish","type":"post","link":"https:\/\/www.capri-matique.com\/client\/aprfae5\/journee-internationale-aines\/","title":{"rendered":"Journ\u00e9e internationale des a\u00een\u00e9s"},"content":{"rendered":"<div class=\"\" data-block=\"true\" data-editor=\"agjbb\" data-offset-key=\"at9qq-0-0\">\n<div class=\"_1mf _1mj\" style=\"text-align: center;\" data-offset-key=\"at9qq-0-0\"><strong style=\"font-family: verdana, geneva, sans-serif; font-size: 12pt; text-align: justify;\"><span style=\"color: #1d2129; text-align: start;\">1er octobre 2018<\/span><\/strong><\/div>\n<\/div>\n<p style=\"text-align: justify;\"><span style=\"color: #1d2129; font-family: verdana, geneva, sans-serif; font-size: 12pt; text-align: start;\">Le th\u00e8me \u00ab Partenaires pour un mieux-vivre \u00bb a \u00e9t\u00e9 retenu cette ann\u00e9e pour souligner l\u2019importance d\u2019associer les personnes a\u00een\u00e9es dans les projets et d\u00e9cisions sur les enjeux qui les concernent. En cette \u00e9poque marqu\u00e9e par l\u2019individualisme, cette initiative permettra peut-\u00eatre d\u2019en arriver \u00e0 des rapports de coop\u00e9ration et de r\u00e9ciprocit\u00e9 entre les g\u00e9n\u00e9rations, \u00e9l\u00e9ment essentiel pour redonner une voix aux personnes \u00e2g\u00e9es sur ces questions.<\/span><br style=\"color: #1d2129; font-family: Helvetica, Arial, sans-serif; font-size: 14px; text-align: start;\" \/><span style=\"color: #1d2129; font-family: verdana, geneva, sans-serif; font-size: 12pt; text-align: start;\">En guise de contribution \u00e0 cette journ\u00e9e sp\u00e9ciale, nous vous proposons une r\u00e9flexion sur la repr\u00e9sentation de la vieillesse dans les m\u00e9dias et la soci\u00e9t\u00e9. Vous y trouverez \u00e9galement une description de certains mythes au sujet de la vieillesse, qui entretiennent l\u2019\u00e2gisme.<\/span><\/p>\n<p><span style=\"font-family: verdana, geneva, sans-serif; font-size: 12pt;\"><a href=\"http:\/\/publication.atoutage.over-blog.com\/article-images-de-la-vieillesse-dans-les-medias-et-dans-la-societe-47167792.html\" target=\"_blank\" rel=\"noopener\">Lire l&#8217;article<\/a><\/span><\/p>\n","protected":false},"excerpt":{"rendered":"<p>1er octobre 2018 Le th\u00e8me \u00ab Partenaires pour un mieux-vivre \u00bb a \u00e9t\u00e9 retenu cette ann\u00e9e pour souligner l\u2019importance d\u2019associer les personnes a\u00een\u00e9es dans les projets et d\u00e9cisions sur les enjeux qui les concernent. En cette \u00e9poque marqu\u00e9e par l\u2019individualisme, cette initiative permettra peut-\u00eatre d\u2019en arriver \u00e0 des rapports de coop\u00e9ration et de r\u00e9ciprocit\u00e9 entre &hellip;<\/p>\n","protected":false},"author":2,"featured_media":0,"comment_status":"closed","ping_status":"open","sticky":false,"template":"","format":"standard","meta":{"footnotes":""},"categories":[1],"tags":[],"class_list":["post-3272","post","type-post","status-publish","format-standard","hentry","category-uncategorized"],"yoast_head":"<!-- This site is optimized with the Yoast SEO plugin v17.3 - https:\/\/yoast.com\/wordpress\/plugins\/seo\/ -->\n<title>Journ\u00e9e internationale des a\u00een\u00e9s - Association de personnes retrait\u00e9es de la FAE<\/title>\n<meta name=\"robots\" content=\"noindex, follow, max-snippet:-1, max-image-preview:large, max-video-preview:-1\" \/>\n<meta property=\"og:locale\" content=\"fr_FR\" \/>\n<meta property=\"og:type\" content=\"article\" \/>\n<meta property=\"og:title\" content=\"Journ\u00e9e internationale des a\u00een\u00e9s - Association de personnes retrait\u00e9es de la FAE\" \/>\n<meta property=\"og:description\" content=\"1er octobre 2018 Le th\u00e8me \u00ab Partenaires pour un mieux-vivre \u00bb a \u00e9t\u00e9 retenu cette ann\u00e9e pour souligner l\u2019importance d\u2019associer les personnes a\u00een\u00e9es dans les projets et d\u00e9cisions sur les enjeux qui les concernent. En cette \u00e9poque marqu\u00e9e par l\u2019individualisme, cette initiative permettra peut-\u00eatre d\u2019en arriver \u00e0 des rapports de coop\u00e9ration et de r\u00e9ciprocit\u00e9 entre &hellip;\" \/>\n<meta property=\"og:url\" content=\"https:\/\/www.capri-matique.com\/client\/aprfae5\/journee-internationale-aines\/\" \/>\n<meta property=\"og:site_name\" content=\"Association de personnes retrait\u00e9es de la FAE\" \/>\n<meta property=\"article:published_time\" content=\"2018-10-02T20:23:32+00:00\" \/>\n<meta property=\"article:modified_time\" content=\"2018-10-02T20:23:33+00:00\" \/>\n<meta name=\"twitter:card\" content=\"summary\" \/>\n<meta name=\"twitter:label1\" content=\"\u00c9crit par\" \/>\n\t<meta name=\"twitter:data1\" content=\"Chantal Couture\" \/>\n\t<meta name=\"twitter:label2\" content=\"Dur\u00e9e de lecture estim\u00e9e\" \/>\n\t<meta name=\"twitter:data2\" content=\"1 minute\" \/>\n<script type=\"application\/ld+json\" class=\"yoast-schema-graph\">{\"@context\":\"https:\/\/schema.org\",\"@graph\":[{\"@type\":\"WebSite\",\"@id\":\"https:\/\/www.capri-matique.com\/client\/aprfae5\/#website\",\"url\":\"https:\/\/www.capri-matique.com\/client\/aprfae5\/\",\"name\":\"Association de personnes retrait\\u00e9es de la FAE\",\"description\":\"L&#039;association qui nous unit\",\"potentialAction\":[{\"@type\":\"SearchAction\",\"target\":{\"@type\":\"EntryPoint\",\"urlTemplate\":\"https:\/\/www.capri-matique.com\/client\/aprfae5\/?s={search_term_string}\"},\"query-input\":\"required name=search_term_string\"}],\"inLanguage\":\"fr-FR\"},{\"@type\":\"WebPage\",\"@id\":\"https:\/\/www.capri-matique.com\/client\/aprfae5\/journee-internationale-aines\/#webpage\",\"url\":\"https:\/\/www.capri-matique.com\/client\/aprfae5\/journee-internationale-aines\/\",\"name\":\"Journ\\u00e9e internationale des a\\u00een\\u00e9s - Association de personnes retrait\\u00e9es de la FAE\",\"isPartOf\":{\"@id\":\"https:\/\/www.capri-matique.com\/client\/aprfae5\/#website\"},\"datePublished\":\"2018-10-02T20:23:32+00:00\",\"dateModified\":\"2018-10-02T20:23:33+00:00\",\"author\":{\"@id\":\"https:\/\/www.capri-matique.com\/client\/aprfae5\/#\/schema\/person\/d49ddfd2ee6ceb42ef2fbcdda1753954\"},\"breadcrumb\":{\"@id\":\"https:\/\/www.capri-matique.com\/client\/aprfae5\/journee-internationale-aines\/#breadcrumb\"},\"inLanguage\":\"fr-FR\",\"potentialAction\":[{\"@type\":\"ReadAction\",\"target\":[\"https:\/\/www.capri-matique.com\/client\/aprfae5\/journee-internationale-aines\/\"]}]},{\"@type\":\"BreadcrumbList\",\"@id\":\"https:\/\/www.capri-matique.com\/client\/aprfae5\/journee-internationale-aines\/#breadcrumb\",\"itemListElement\":[{\"@type\":\"ListItem\",\"position\":1,\"name\":\"Accueil\",\"item\":\"https:\/\/www.capri-matique.com\/client\/aprfae5\/\"},{\"@type\":\"ListItem\",\"position\":2,\"name\":\"Journ\\u00e9e internationale des a\\u00een\\u00e9s\"}]},{\"@type\":\"Person\",\"@id\":\"https:\/\/www.capri-matique.com\/client\/aprfae5\/#\/schema\/person\/d49ddfd2ee6ceb42ef2fbcdda1753954\",\"name\":\"Chantal Couture\",\"url\":\"https:\/\/www.capri-matique.com\/client\/aprfae5\/author\/chantal-couture\/\"}]}<\/script>\n<!-- \/ Yoast SEO plugin. -->","yoast_head_json":{"title":"Journ\u00e9e internationale des a\u00een\u00e9s - Association de personnes retrait\u00e9es de la FAE","robots":{"index":"noindex","follow":"follow","max-snippet":"max-snippet:-1","max-image-preview":"max-image-preview:large","max-video-preview":"max-video-preview:-1"},"og_locale":"fr_FR","og_type":"article","og_title":"Journ\u00e9e internationale des a\u00een\u00e9s - Association de personnes retrait\u00e9es de la FAE","og_description":"1er octobre 2018 Le th\u00e8me \u00ab Partenaires pour un mieux-vivre \u00bb a \u00e9t\u00e9 retenu cette ann\u00e9e pour souligner l\u2019importance d\u2019associer les personnes a\u00een\u00e9es dans les projets et d\u00e9cisions sur les enjeux qui les concernent. En cette \u00e9poque marqu\u00e9e par l\u2019individualisme, cette initiative permettra peut-\u00eatre d\u2019en arriver \u00e0 des rapports de coop\u00e9ration et de r\u00e9ciprocit\u00e9 entre &hellip;","og_url":"https:\/\/www.capri-matique.com\/client\/aprfae5\/journee-internationale-aines\/","og_site_name":"Association de personnes retrait\u00e9es de la FAE","article_published_time":"2018-10-02T20:23:32+00:00","article_modified_time":"2018-10-02T20:23:33+00:00","twitter_card":"summary","twitter_misc":{"\u00c9crit par":"Chantal Couture","Dur\u00e9e de lecture estim\u00e9e":"1 minute"},"schema":{"@context":"https:\/\/schema.org","@graph":[{"@type":"WebSite","@id":"https:\/\/www.capri-matique.com\/client\/aprfae5\/#website","url":"https:\/\/www.capri-matique.com\/client\/aprfae5\/","name":"Association de personnes retrait\u00e9es de la FAE","description":"L&#039;association qui nous unit","potentialAction":[{"@type":"SearchAction","target":{"@type":"EntryPoint","urlTemplate":"https:\/\/www.capri-matique.com\/client\/aprfae5\/?s={search_term_string}"},"query-input":"required name=search_term_string"}],"inLanguage":"fr-FR"},{"@type":"WebPage","@id":"https:\/\/www.capri-matique.com\/client\/aprfae5\/journee-internationale-aines\/#webpage","url":"https:\/\/www.capri-matique.com\/client\/aprfae5\/journee-internationale-aines\/","name":"Journ\u00e9e internationale des a\u00een\u00e9s - Association de personnes retrait\u00e9es de la FAE","isPartOf":{"@id":"https:\/\/www.capri-matique.com\/client\/aprfae5\/#website"},"datePublished":"2018-10-02T20:23:32+00:00","dateModified":"2018-10-02T20:23:33+00:00","author":{"@id":"https:\/\/www.capri-matique.com\/client\/aprfae5\/#\/schema\/person\/d49ddfd2ee6ceb42ef2fbcdda1753954"},"breadcrumb":{"@id":"https:\/\/www.capri-matique.com\/client\/aprfae5\/journee-internationale-aines\/#breadcrumb"},"inLanguage":"fr-FR","potentialAction":[{"@type":"ReadAction","target":["https:\/\/www.capri-matique.com\/client\/aprfae5\/journee-internationale-aines\/"]}]},{"@type":"BreadcrumbList","@id":"https:\/\/www.capri-matique.com\/client\/aprfae5\/journee-internationale-aines\/#breadcrumb","itemListElement":[{"@type":"ListItem","position":1,"name":"Accueil","item":"https:\/\/www.capri-matique.com\/client\/aprfae5\/"},{"@type":"ListItem","position":2,"name":"Journ\u00e9e internationale des a\u00een\u00e9s"}]},{"@type":"Person","@id":"https:\/\/www.capri-matique.com\/client\/aprfae5\/#\/schema\/person\/d49ddfd2ee6ceb42ef2fbcdda1753954","name":"Chantal Couture","url":"https:\/\/www.capri-matique.com\/client\/aprfae5\/author\/chantal-couture\/"}]}},"_links":{"self":[{"href":"https:\/\/www.capri-matique.com\/client\/aprfae5\/wp-json\/wp\/v2\/posts\/3272","targetHints":{"allow":["GET"]}}],"collection":[{"href":"https:\/\/www.capri-matique.com\/client\/aprfae5\/wp-json\/wp\/v2\/posts"}],"about":[{"href":"https:\/\/www.capri-matique.com\/client\/aprfae5\/wp-json\/wp\/v2\/types\/post"}],"author":[{"embeddable":true,"href":"https:\/\/www.capri-matique.com\/client\/aprfae5\/wp-json\/wp\/v2\/users\/2"}],"replies":[{"embeddable":true,"href":"https:\/\/www.capri-matique.com\/client\/aprfae5\/wp-json\/wp\/v2\/comments?post=3272"}],"version-history":[{"count":1,"href":"https:\/\/www.capri-matique.com\/client\/aprfae5\/wp-json\/wp\/v2\/posts\/3272\/revisions"}],"predecessor-version":[{"id":3273,"href":"https:\/\/www.capri-matique.com\/client\/aprfae5\/wp-json\/wp\/v2\/posts\/3272\/revisions\/3273"}],"wp:attachment":[{"href":"https:\/\/www.capri-matique.com\/client\/aprfae5\/wp-json\/wp\/v2\/media?parent=3272"}],"wp:term":[{"taxonomy":"category","embeddable":true,"href":"https:\/\/www.capri-matique.com\/client\/aprfae5\/wp-json\/wp\/v2\/categories?post=3272"},{"taxonomy":"post_tag","embeddable":true,"href":"https:\/\/www.capri-matique.com\/client\/aprfae5\/wp-json\/wp\/v2\/tags?post=3272"}],"curies":[{"name":"wp","href":"https:\/\/api.w.org\/{rel}","templated":true}]}}