{"id":3150,"date":"2018-09-12T13:41:08","date_gmt":"2018-09-12T17:41:08","guid":{"rendered":"https:\/\/capri-matique.com\/client\/aprfae5\/?p=3150"},"modified":"2018-09-12T13:44:41","modified_gmt":"2018-09-12T17:44:41","slug":"election-2018","status":"publish","type":"post","link":"https:\/\/www.capri-matique.com\/client\/aprfae5\/election-2018\/","title":{"rendered":"\u00c9lection 2018"},"content":{"rendered":"<p style=\"text-align: justify;\"><span style=\"font-family: verdana, geneva, sans-serif; font-size: 12pt;\">Nous vous invitons \u00e0 visiter notre plateforme <em>\u00c9lection 2018<\/em>. Vous y trouverez, regroup\u00e9es en un seul endroit, les principales mesures touchant les a\u00een\u00e9s propos\u00e9es par les quatre grandes formations politiques dans le cadre de la pr\u00e9sente campagne \u00e9lectorale. Des mises \u00e0 jour seront faites r\u00e9guli\u00e8rement. Revenez nous voir!<\/span><\/p>\n<p style=\"text-align: justify;\"><span style=\"font-family: verdana, geneva, sans-serif; font-size: 12pt;\">Pour voir cette plateforme, <a href=\"https:\/\/capri-matique.com\/client\/aprfae5\/elections\/\" target=\"_blank\" rel=\"noopener\">cliquez ici<\/a>.\u00a0<\/span><\/p>\n<p><span style=\"font-family: verdana, geneva, sans-serif; font-size: 12pt;\">Pour voir le comparatif des propositions li\u00e9es \u00e0 l&#8217;\u00e9ducation, pr\u00e9par\u00e9 par la FAE, <a href=\"http:\/\/www.lafae.qc.ca\/elections-2018\" target=\"_blank\" rel=\"noopener\">cliquez ici<\/a>.<\/span><\/p>\n","protected":false},"excerpt":{"rendered":"<p>Nous vous invitons \u00e0 visiter notre plateforme \u00c9lection 2018. Vous y trouverez, regroup\u00e9es en un seul endroit, les principales mesures touchant les a\u00een\u00e9s propos\u00e9es par les quatre grandes formations politiques dans le cadre de la pr\u00e9sente campagne \u00e9lectorale. Des mises \u00e0 jour seront faites r\u00e9guli\u00e8rement. Revenez nous voir! Pour voir cette plateforme, cliquez ici.\u00a0 Pour &hellip;<\/p>\n","protected":false},"author":2,"featured_media":0,"comment_status":"closed","ping_status":"open","sticky":false,"template":"","format":"standard","meta":{"footnotes":""},"categories":[1],"tags":[],"class_list":["post-3150","post","type-post","status-publish","format-standard","hentry","category-uncategorized"],"yoast_head":"<!-- This site is optimized with the Yoast SEO plugin v17.3 - https:\/\/yoast.com\/wordpress\/plugins\/seo\/ -->\n<title>\u00c9lection 2018 - Association de personnes retrait\u00e9es de la FAE<\/title>\n<meta name=\"robots\" content=\"noindex, follow, max-snippet:-1, max-image-preview:large, max-video-preview:-1\" \/>\n<meta property=\"og:locale\" content=\"fr_FR\" \/>\n<meta property=\"og:type\" content=\"article\" \/>\n<meta property=\"og:title\" content=\"\u00c9lection 2018 - Association de personnes retrait\u00e9es de la FAE\" \/>\n<meta property=\"og:description\" content=\"Nous vous invitons \u00e0 visiter notre plateforme \u00c9lection 2018. Vous y trouverez, regroup\u00e9es en un seul endroit, les principales mesures touchant les a\u00een\u00e9s propos\u00e9es par les quatre grandes formations politiques dans le cadre de la pr\u00e9sente campagne \u00e9lectorale. Des mises \u00e0 jour seront faites r\u00e9guli\u00e8rement. Revenez nous voir! Pour voir cette plateforme, cliquez ici.\u00a0 Pour &hellip;\" \/>\n<meta property=\"og:url\" content=\"https:\/\/www.capri-matique.com\/client\/aprfae5\/election-2018\/\" \/>\n<meta property=\"og:site_name\" content=\"Association de personnes retrait\u00e9es de la FAE\" \/>\n<meta property=\"article:published_time\" content=\"2018-09-12T17:41:08+00:00\" \/>\n<meta property=\"article:modified_time\" content=\"2018-09-12T17:44:41+00:00\" \/>\n<meta name=\"twitter:card\" content=\"summary\" \/>\n<meta name=\"twitter:label1\" content=\"\u00c9crit par\" \/>\n\t<meta name=\"twitter:data1\" content=\"Chantal Couture\" \/>\n<script type=\"application\/ld+json\" class=\"yoast-schema-graph\">{\"@context\":\"https:\/\/schema.org\",\"@graph\":[{\"@type\":\"WebSite\",\"@id\":\"https:\/\/www.capri-matique.com\/client\/aprfae5\/#website\",\"url\":\"https:\/\/www.capri-matique.com\/client\/aprfae5\/\",\"name\":\"Association de personnes retrait\\u00e9es de la FAE\",\"description\":\"L&#039;association qui nous unit\",\"potentialAction\":[{\"@type\":\"SearchAction\",\"target\":{\"@type\":\"EntryPoint\",\"urlTemplate\":\"https:\/\/www.capri-matique.com\/client\/aprfae5\/?s={search_term_string}\"},\"query-input\":\"required name=search_term_string\"}],\"inLanguage\":\"fr-FR\"},{\"@type\":\"WebPage\",\"@id\":\"https:\/\/www.capri-matique.com\/client\/aprfae5\/election-2018\/#webpage\",\"url\":\"https:\/\/www.capri-matique.com\/client\/aprfae5\/election-2018\/\",\"name\":\"\\u00c9lection 2018 - Association de personnes retrait\\u00e9es de la FAE\",\"isPartOf\":{\"@id\":\"https:\/\/www.capri-matique.com\/client\/aprfae5\/#website\"},\"datePublished\":\"2018-09-12T17:41:08+00:00\",\"dateModified\":\"2018-09-12T17:44:41+00:00\",\"author\":{\"@id\":\"https:\/\/www.capri-matique.com\/client\/aprfae5\/#\/schema\/person\/d49ddfd2ee6ceb42ef2fbcdda1753954\"},\"breadcrumb\":{\"@id\":\"https:\/\/www.capri-matique.com\/client\/aprfae5\/election-2018\/#breadcrumb\"},\"inLanguage\":\"fr-FR\",\"potentialAction\":[{\"@type\":\"ReadAction\",\"target\":[\"https:\/\/www.capri-matique.com\/client\/aprfae5\/election-2018\/\"]}]},{\"@type\":\"BreadcrumbList\",\"@id\":\"https:\/\/www.capri-matique.com\/client\/aprfae5\/election-2018\/#breadcrumb\",\"itemListElement\":[{\"@type\":\"ListItem\",\"position\":1,\"name\":\"Accueil\",\"item\":\"https:\/\/www.capri-matique.com\/client\/aprfae5\/\"},{\"@type\":\"ListItem\",\"position\":2,\"name\":\"\\u00c9lection 2018\"}]},{\"@type\":\"Person\",\"@id\":\"https:\/\/www.capri-matique.com\/client\/aprfae5\/#\/schema\/person\/d49ddfd2ee6ceb42ef2fbcdda1753954\",\"name\":\"Chantal Couture\",\"url\":\"https:\/\/www.capri-matique.com\/client\/aprfae5\/author\/chantal-couture\/\"}]}<\/script>\n<!-- \/ Yoast SEO plugin. -->","yoast_head_json":{"title":"\u00c9lection 2018 - Association de personnes retrait\u00e9es de la FAE","robots":{"index":"noindex","follow":"follow","max-snippet":"max-snippet:-1","max-image-preview":"max-image-preview:large","max-video-preview":"max-video-preview:-1"},"og_locale":"fr_FR","og_type":"article","og_title":"\u00c9lection 2018 - Association de personnes retrait\u00e9es de la FAE","og_description":"Nous vous invitons \u00e0 visiter notre plateforme \u00c9lection 2018. Vous y trouverez, regroup\u00e9es en un seul endroit, les principales mesures touchant les a\u00een\u00e9s propos\u00e9es par les quatre grandes formations politiques dans le cadre de la pr\u00e9sente campagne \u00e9lectorale. Des mises \u00e0 jour seront faites r\u00e9guli\u00e8rement. Revenez nous voir! Pour voir cette plateforme, cliquez ici.\u00a0 Pour &hellip;","og_url":"https:\/\/www.capri-matique.com\/client\/aprfae5\/election-2018\/","og_site_name":"Association de personnes retrait\u00e9es de la FAE","article_published_time":"2018-09-12T17:41:08+00:00","article_modified_time":"2018-09-12T17:44:41+00:00","twitter_card":"summary","twitter_misc":{"\u00c9crit par":"Chantal Couture"},"schema":{"@context":"https:\/\/schema.org","@graph":[{"@type":"WebSite","@id":"https:\/\/www.capri-matique.com\/client\/aprfae5\/#website","url":"https:\/\/www.capri-matique.com\/client\/aprfae5\/","name":"Association de personnes retrait\u00e9es de la FAE","description":"L&#039;association qui nous unit","potentialAction":[{"@type":"SearchAction","target":{"@type":"EntryPoint","urlTemplate":"https:\/\/www.capri-matique.com\/client\/aprfae5\/?s={search_term_string}"},"query-input":"required name=search_term_string"}],"inLanguage":"fr-FR"},{"@type":"WebPage","@id":"https:\/\/www.capri-matique.com\/client\/aprfae5\/election-2018\/#webpage","url":"https:\/\/www.capri-matique.com\/client\/aprfae5\/election-2018\/","name":"\u00c9lection 2018 - Association de personnes retrait\u00e9es de la FAE","isPartOf":{"@id":"https:\/\/www.capri-matique.com\/client\/aprfae5\/#website"},"datePublished":"2018-09-12T17:41:08+00:00","dateModified":"2018-09-12T17:44:41+00:00","author":{"@id":"https:\/\/www.capri-matique.com\/client\/aprfae5\/#\/schema\/person\/d49ddfd2ee6ceb42ef2fbcdda1753954"},"breadcrumb":{"@id":"https:\/\/www.capri-matique.com\/client\/aprfae5\/election-2018\/#breadcrumb"},"inLanguage":"fr-FR","potentialAction":[{"@type":"ReadAction","target":["https:\/\/www.capri-matique.com\/client\/aprfae5\/election-2018\/"]}]},{"@type":"BreadcrumbList","@id":"https:\/\/www.capri-matique.com\/client\/aprfae5\/election-2018\/#breadcrumb","itemListElement":[{"@type":"ListItem","position":1,"name":"Accueil","item":"https:\/\/www.capri-matique.com\/client\/aprfae5\/"},{"@type":"ListItem","position":2,"name":"\u00c9lection 2018"}]},{"@type":"Person","@id":"https:\/\/www.capri-matique.com\/client\/aprfae5\/#\/schema\/person\/d49ddfd2ee6ceb42ef2fbcdda1753954","name":"Chantal Couture","url":"https:\/\/www.capri-matique.com\/client\/aprfae5\/author\/chantal-couture\/"}]}},"_links":{"self":[{"href":"https:\/\/www.capri-matique.com\/client\/aprfae5\/wp-json\/wp\/v2\/posts\/3150","targetHints":{"allow":["GET"]}}],"collection":[{"href":"https:\/\/www.capri-matique.com\/client\/aprfae5\/wp-json\/wp\/v2\/posts"}],"about":[{"href":"https:\/\/www.capri-matique.com\/client\/aprfae5\/wp-json\/wp\/v2\/types\/post"}],"author":[{"embeddable":true,"href":"https:\/\/www.capri-matique.com\/client\/aprfae5\/wp-json\/wp\/v2\/users\/2"}],"replies":[{"embeddable":true,"href":"https:\/\/www.capri-matique.com\/client\/aprfae5\/wp-json\/wp\/v2\/comments?post=3150"}],"version-history":[{"count":2,"href":"https:\/\/www.capri-matique.com\/client\/aprfae5\/wp-json\/wp\/v2\/posts\/3150\/revisions"}],"predecessor-version":[{"id":3153,"href":"https:\/\/www.capri-matique.com\/client\/aprfae5\/wp-json\/wp\/v2\/posts\/3150\/revisions\/3153"}],"wp:attachment":[{"href":"https:\/\/www.capri-matique.com\/client\/aprfae5\/wp-json\/wp\/v2\/media?parent=3150"}],"wp:term":[{"taxonomy":"category","embeddable":true,"href":"https:\/\/www.capri-matique.com\/client\/aprfae5\/wp-json\/wp\/v2\/categories?post=3150"},{"taxonomy":"post_tag","embeddable":true,"href":"https:\/\/www.capri-matique.com\/client\/aprfae5\/wp-json\/wp\/v2\/tags?post=3150"}],"curies":[{"name":"wp","href":"https:\/\/api.w.org\/{rel}","templated":true}]}}