{"id":2802,"date":"2018-06-15T08:58:37","date_gmt":"2018-06-15T12:58:37","guid":{"rendered":"https:\/\/capri-matique.com\/client\/aprfae5\/?p=2802"},"modified":"2018-06-15T09:29:28","modified_gmt":"2018-06-15T13:29:28","slug":"reconnaitre-abus-envers-aines","status":"publish","type":"post","link":"https:\/\/www.capri-matique.com\/client\/aprfae5\/reconnaitre-abus-envers-aines\/","title":{"rendered":"Reconna\u00eetre les abus envers les a\u00een\u00e9s"},"content":{"rendered":"<p style=\"text-align: justify;\"><span style=\"font-family: verdana, geneva, sans-serif;\">L\u2019ONU a d\u00e9sign\u00e9 le 15 juin Journ\u00e9e mondiale de sensibilisation \u00e0 la maltraitance des personnes \u00e2g\u00e9es. Ces personnes ont le droit de vivre dans la dignit\u00e9, en s\u00e9curit\u00e9 et sans aucune forme d&#8217;abus.<\/span><\/p>\n<p style=\"text-align: justify;\"><span style=\"font-family: verdana, geneva, sans-serif;\">La violence envers les personnes a\u00een\u00e9es est g\u00e9n\u00e9ralement taboue et est souvent absente des programmes de pr\u00e9vention de sant\u00e9 publique. Au Qu\u00e9bec, le Plan d\u2019action gouvernemental 2017-2022 pour contrer la maltraitance envers les personnes a\u00een\u00e9es nous permettra certainement de faire avancer les choses.<\/span><\/p>\n<p style=\"text-align: justify;\"><span style=\"font-family: verdana, geneva, sans-serif;\">Mais la pr\u00e9vention de cette violence passe avant tout par une meilleure connaissance du ph\u00e9nom\u00e8ne.\u00a0Il faut d&#8217;abord mentionner que les types de violence sont diverses, de la n\u00e9gligence \u00e0 l\u2019exploitation financi\u00e8re, en passant par l\u2019abus physique, ou m\u00eame sexuel. Aussi, les agresseurs proviennent le plus souvent de l\u2019entourage imm\u00e9diat de la victime. Ce peut \u00eatre un membre de la famille, ou une personne attitr\u00e9e aux soins.<\/span><\/p>\n<p style=\"text-align: justify;\"><span style=\"font-family: verdana, geneva, sans-serif;\">Voici donc des signes qui nous indiquent que quelque chose ne va pas.\u00a0<\/span><span style=\"font-family: verdana, geneva, sans-serif;\">Il faut surtout rep\u00e9rer, chez les victimes, les <u>changements de comportement.<\/u><\/span><\/p>\n<p style=\"text-align: justify;\"><span style=\"font-family: verdana, geneva, sans-serif;\">Par exemple\u00a0:<\/span><\/p>\n<ul style=\"text-align: justify;\">\n<li><span style=\"font-family: verdana, geneva, sans-serif;\">L\u2019apparition de signes de d\u00e9pression ou d\u2019anxi\u00e9t\u00e9;<\/span><\/li>\n<li><span style=\"font-family: verdana, geneva, sans-serif;\">Une attitude craintive en pr\u00e9sence de certaines personnes;<\/span><\/li>\n<li><span style=\"font-family: verdana, geneva, sans-serif;\">Un comportement soudainement passif ou docile;<\/span><\/li>\n<li><span style=\"font-family: verdana, geneva, sans-serif;\">Des blessures physiques inexpliqu\u00e9es;<\/span><\/li>\n<li><span style=\"font-family: verdana, geneva, sans-serif;\">Le manque de nourriture ou autres biens de premi\u00e8re n\u00e9cessit\u00e9;<\/span><\/li>\n<li><span style=\"font-family: verdana, geneva, sans-serif;\">Le fait de s\u2019isoler socialement (diminuer les contacts avec des\u00a0personnes de qui elles \u00e9taient proches par le pass\u00e9);<\/span><\/li>\n<li><span style=\"font-family: verdana, geneva, sans-serif;\">Changement dans les habitudes d\u2019hygi\u00e8ne;<\/span><\/li>\n<li><span style=\"font-family: verdana, geneva, sans-serif;\">Changement dans les habitudes alimentaires;<\/span><\/li>\n<li><span style=\"font-family: verdana, geneva, sans-serif;\">Probl\u00e8mes de sommeil;<\/span><\/li>\n<li><span style=\"font-family: verdana, geneva, sans-serif;\">\u00catre incapables de respecter leurs obligations financi\u00e8res;<\/span><\/li>\n<li><span style=\"font-family: verdana, geneva, sans-serif;\">Faire des retraits inhabituels de leur compte \u00e0 la banque.<\/span><\/li>\n<\/ul>\n<p style=\"text-align: justify;\"><span style=\"font-family: verdana, geneva, sans-serif;\">Malheureusement, cette liste est incompl\u00e8te.<\/span><\/p>\n<p style=\"text-align: justify;\"><span style=\"font-family: verdana, geneva, sans-serif;\">Mais comme les pr\u00e9jug\u00e9s envers les \u00ab\u00a0seniors\u00a0\u00bb ne manquent pas, nous avons tendance \u00e0 banaliser l&#8217;apparition de ces signes et \u00e0 minimiser leurs propos lorsqu\u2019ils nous font part d&#8217;une situation abusive. Ces sympt\u00f4mes sont souvent pass\u00e9s sous silence, car ils sont alors associ\u00e9s au processus de vieillissement normal\u00a0: \u00ab\u00a0C\u2019est normal de devenir craintif avec l\u2019\u00e2ge\u00a0\u00bb ou \u00ab\u00a0elle n\u2019aime pas son nouvel environnement, normal d\u2019avoir du mal \u00e0 s\u2019adapter \u00e0 ce contexte, n\u2019importe qui d\u00e9primerait\u00bb. Les st\u00e9r\u00e9otypes ne manquent pas quand il s\u2019agit de d\u00e9crire les personnes \u00e2g\u00e9es. Ce qui rend le ph\u00e9nom\u00e8ne encore plus difficile \u00e0 d\u00e9tecter est que les victimes sont parfois incapables de communiquer clairement, soit par l\u2019apparition de troubles du langage durant la vieillesse, ou de maladies telles que l\u2019Alzheimer ou la d\u00e9mence.<\/span><\/p>\n<p style=\"text-align: justify;\"><span style=\"font-family: verdana, geneva, sans-serif;\">Ne pas prendre en consid\u00e9ration ces signes constitue une forme de n\u00e9gligence et les cons\u00e9quences de la maltraitance sur les individus peuvent \u00eatre tr\u00e8s graves, diminuant l\u2019esp\u00e9rance de vie de ces personnes.<\/span><\/p>\n<p style=\"text-align: justify;\"><span style=\"font-family: verdana, geneva, sans-serif;\">Vous pensez qu\u2019un membre de votre entourage est victime d\u2019abus? Contactez la ligne Aide Abus A\u00een\u00e9s au\u00a0514-489-2287\u00a0ou au\u00a01-888-489-2287<\/span><\/p>\n","protected":false},"excerpt":{"rendered":"<p>L\u2019ONU a d\u00e9sign\u00e9 le 15 juin Journ\u00e9e mondiale de sensibilisation \u00e0 la maltraitance des personnes \u00e2g\u00e9es. Ces personnes ont le droit de vivre dans la dignit\u00e9, en s\u00e9curit\u00e9 et sans aucune forme d&#8217;abus. La violence envers les personnes a\u00een\u00e9es est g\u00e9n\u00e9ralement taboue et est souvent absente des programmes de pr\u00e9vention de sant\u00e9 publique. Au Qu\u00e9bec, &hellip;<\/p>\n","protected":false},"author":2,"featured_media":0,"comment_status":"closed","ping_status":"open","sticky":false,"template":"","format":"standard","meta":{"footnotes":""},"categories":[1],"tags":[],"class_list":["post-2802","post","type-post","status-publish","format-standard","hentry","category-uncategorized"],"yoast_head":"<!-- This site is optimized with the Yoast SEO plugin v17.3 - https:\/\/yoast.com\/wordpress\/plugins\/seo\/ -->\n<title>Reconna\u00eetre les abus envers les a\u00een\u00e9s - Association de personnes retrait\u00e9es de la FAE<\/title>\n<meta name=\"robots\" content=\"noindex, follow, max-snippet:-1, max-image-preview:large, max-video-preview:-1\" \/>\n<meta property=\"og:locale\" content=\"fr_FR\" \/>\n<meta property=\"og:type\" content=\"article\" \/>\n<meta property=\"og:title\" content=\"Reconna\u00eetre les abus envers les a\u00een\u00e9s - Association de personnes retrait\u00e9es de la FAE\" \/>\n<meta property=\"og:description\" content=\"L\u2019ONU a d\u00e9sign\u00e9 le 15 juin Journ\u00e9e mondiale de sensibilisation \u00e0 la maltraitance des personnes \u00e2g\u00e9es. Ces personnes ont le droit de vivre dans la dignit\u00e9, en s\u00e9curit\u00e9 et sans aucune forme d&#8217;abus. La violence envers les personnes a\u00een\u00e9es est g\u00e9n\u00e9ralement taboue et est souvent absente des programmes de pr\u00e9vention de sant\u00e9 publique. Au Qu\u00e9bec, &hellip;\" \/>\n<meta property=\"og:url\" content=\"https:\/\/www.capri-matique.com\/client\/aprfae5\/reconnaitre-abus-envers-aines\/\" \/>\n<meta property=\"og:site_name\" content=\"Association de personnes retrait\u00e9es de la FAE\" \/>\n<meta property=\"article:published_time\" content=\"2018-06-15T12:58:37+00:00\" \/>\n<meta property=\"article:modified_time\" content=\"2018-06-15T13:29:28+00:00\" \/>\n<meta name=\"twitter:card\" content=\"summary\" \/>\n<meta name=\"twitter:label1\" content=\"\u00c9crit par\" \/>\n\t<meta name=\"twitter:data1\" content=\"Chantal Couture\" \/>\n\t<meta name=\"twitter:label2\" content=\"Dur\u00e9e de lecture estim\u00e9e\" \/>\n\t<meta name=\"twitter:data2\" content=\"3 minutes\" \/>\n<script type=\"application\/ld+json\" class=\"yoast-schema-graph\">{\"@context\":\"https:\/\/schema.org\",\"@graph\":[{\"@type\":\"WebSite\",\"@id\":\"https:\/\/www.capri-matique.com\/client\/aprfae5\/#website\",\"url\":\"https:\/\/www.capri-matique.com\/client\/aprfae5\/\",\"name\":\"Association de personnes retrait\\u00e9es de la FAE\",\"description\":\"L&#039;association qui nous unit\",\"potentialAction\":[{\"@type\":\"SearchAction\",\"target\":{\"@type\":\"EntryPoint\",\"urlTemplate\":\"https:\/\/www.capri-matique.com\/client\/aprfae5\/?s={search_term_string}\"},\"query-input\":\"required name=search_term_string\"}],\"inLanguage\":\"fr-FR\"},{\"@type\":\"WebPage\",\"@id\":\"https:\/\/www.capri-matique.com\/client\/aprfae5\/reconnaitre-abus-envers-aines\/#webpage\",\"url\":\"https:\/\/www.capri-matique.com\/client\/aprfae5\/reconnaitre-abus-envers-aines\/\",\"name\":\"Reconna\\u00eetre les abus envers les a\\u00een\\u00e9s - Association de personnes retrait\\u00e9es de la FAE\",\"isPartOf\":{\"@id\":\"https:\/\/www.capri-matique.com\/client\/aprfae5\/#website\"},\"datePublished\":\"2018-06-15T12:58:37+00:00\",\"dateModified\":\"2018-06-15T13:29:28+00:00\",\"author\":{\"@id\":\"https:\/\/www.capri-matique.com\/client\/aprfae5\/#\/schema\/person\/d49ddfd2ee6ceb42ef2fbcdda1753954\"},\"breadcrumb\":{\"@id\":\"https:\/\/www.capri-matique.com\/client\/aprfae5\/reconnaitre-abus-envers-aines\/#breadcrumb\"},\"inLanguage\":\"fr-FR\",\"potentialAction\":[{\"@type\":\"ReadAction\",\"target\":[\"https:\/\/www.capri-matique.com\/client\/aprfae5\/reconnaitre-abus-envers-aines\/\"]}]},{\"@type\":\"BreadcrumbList\",\"@id\":\"https:\/\/www.capri-matique.com\/client\/aprfae5\/reconnaitre-abus-envers-aines\/#breadcrumb\",\"itemListElement\":[{\"@type\":\"ListItem\",\"position\":1,\"name\":\"Accueil\",\"item\":\"https:\/\/www.capri-matique.com\/client\/aprfae5\/\"},{\"@type\":\"ListItem\",\"position\":2,\"name\":\"Reconna\\u00eetre les abus envers les a\\u00een\\u00e9s\"}]},{\"@type\":\"Person\",\"@id\":\"https:\/\/www.capri-matique.com\/client\/aprfae5\/#\/schema\/person\/d49ddfd2ee6ceb42ef2fbcdda1753954\",\"name\":\"Chantal Couture\",\"url\":\"https:\/\/www.capri-matique.com\/client\/aprfae5\/author\/chantal-couture\/\"}]}<\/script>\n<!-- \/ Yoast SEO plugin. -->","yoast_head_json":{"title":"Reconna\u00eetre les abus envers les a\u00een\u00e9s - Association de personnes retrait\u00e9es de la FAE","robots":{"index":"noindex","follow":"follow","max-snippet":"max-snippet:-1","max-image-preview":"max-image-preview:large","max-video-preview":"max-video-preview:-1"},"og_locale":"fr_FR","og_type":"article","og_title":"Reconna\u00eetre les abus envers les a\u00een\u00e9s - Association de personnes retrait\u00e9es de la FAE","og_description":"L\u2019ONU a d\u00e9sign\u00e9 le 15 juin Journ\u00e9e mondiale de sensibilisation \u00e0 la maltraitance des personnes \u00e2g\u00e9es. Ces personnes ont le droit de vivre dans la dignit\u00e9, en s\u00e9curit\u00e9 et sans aucune forme d&#8217;abus. La violence envers les personnes a\u00een\u00e9es est g\u00e9n\u00e9ralement taboue et est souvent absente des programmes de pr\u00e9vention de sant\u00e9 publique. Au Qu\u00e9bec, &hellip;","og_url":"https:\/\/www.capri-matique.com\/client\/aprfae5\/reconnaitre-abus-envers-aines\/","og_site_name":"Association de personnes retrait\u00e9es de la FAE","article_published_time":"2018-06-15T12:58:37+00:00","article_modified_time":"2018-06-15T13:29:28+00:00","twitter_card":"summary","twitter_misc":{"\u00c9crit par":"Chantal Couture","Dur\u00e9e de lecture estim\u00e9e":"3 minutes"},"schema":{"@context":"https:\/\/schema.org","@graph":[{"@type":"WebSite","@id":"https:\/\/www.capri-matique.com\/client\/aprfae5\/#website","url":"https:\/\/www.capri-matique.com\/client\/aprfae5\/","name":"Association de personnes retrait\u00e9es de la FAE","description":"L&#039;association qui nous unit","potentialAction":[{"@type":"SearchAction","target":{"@type":"EntryPoint","urlTemplate":"https:\/\/www.capri-matique.com\/client\/aprfae5\/?s={search_term_string}"},"query-input":"required name=search_term_string"}],"inLanguage":"fr-FR"},{"@type":"WebPage","@id":"https:\/\/www.capri-matique.com\/client\/aprfae5\/reconnaitre-abus-envers-aines\/#webpage","url":"https:\/\/www.capri-matique.com\/client\/aprfae5\/reconnaitre-abus-envers-aines\/","name":"Reconna\u00eetre les abus envers les a\u00een\u00e9s - Association de personnes retrait\u00e9es de la FAE","isPartOf":{"@id":"https:\/\/www.capri-matique.com\/client\/aprfae5\/#website"},"datePublished":"2018-06-15T12:58:37+00:00","dateModified":"2018-06-15T13:29:28+00:00","author":{"@id":"https:\/\/www.capri-matique.com\/client\/aprfae5\/#\/schema\/person\/d49ddfd2ee6ceb42ef2fbcdda1753954"},"breadcrumb":{"@id":"https:\/\/www.capri-matique.com\/client\/aprfae5\/reconnaitre-abus-envers-aines\/#breadcrumb"},"inLanguage":"fr-FR","potentialAction":[{"@type":"ReadAction","target":["https:\/\/www.capri-matique.com\/client\/aprfae5\/reconnaitre-abus-envers-aines\/"]}]},{"@type":"BreadcrumbList","@id":"https:\/\/www.capri-matique.com\/client\/aprfae5\/reconnaitre-abus-envers-aines\/#breadcrumb","itemListElement":[{"@type":"ListItem","position":1,"name":"Accueil","item":"https:\/\/www.capri-matique.com\/client\/aprfae5\/"},{"@type":"ListItem","position":2,"name":"Reconna\u00eetre les abus envers les a\u00een\u00e9s"}]},{"@type":"Person","@id":"https:\/\/www.capri-matique.com\/client\/aprfae5\/#\/schema\/person\/d49ddfd2ee6ceb42ef2fbcdda1753954","name":"Chantal Couture","url":"https:\/\/www.capri-matique.com\/client\/aprfae5\/author\/chantal-couture\/"}]}},"_links":{"self":[{"href":"https:\/\/www.capri-matique.com\/client\/aprfae5\/wp-json\/wp\/v2\/posts\/2802","targetHints":{"allow":["GET"]}}],"collection":[{"href":"https:\/\/www.capri-matique.com\/client\/aprfae5\/wp-json\/wp\/v2\/posts"}],"about":[{"href":"https:\/\/www.capri-matique.com\/client\/aprfae5\/wp-json\/wp\/v2\/types\/post"}],"author":[{"embeddable":true,"href":"https:\/\/www.capri-matique.com\/client\/aprfae5\/wp-json\/wp\/v2\/users\/2"}],"replies":[{"embeddable":true,"href":"https:\/\/www.capri-matique.com\/client\/aprfae5\/wp-json\/wp\/v2\/comments?post=2802"}],"version-history":[{"count":6,"href":"https:\/\/www.capri-matique.com\/client\/aprfae5\/wp-json\/wp\/v2\/posts\/2802\/revisions"}],"predecessor-version":[{"id":2814,"href":"https:\/\/www.capri-matique.com\/client\/aprfae5\/wp-json\/wp\/v2\/posts\/2802\/revisions\/2814"}],"wp:attachment":[{"href":"https:\/\/www.capri-matique.com\/client\/aprfae5\/wp-json\/wp\/v2\/media?parent=2802"}],"wp:term":[{"taxonomy":"category","embeddable":true,"href":"https:\/\/www.capri-matique.com\/client\/aprfae5\/wp-json\/wp\/v2\/categories?post=2802"},{"taxonomy":"post_tag","embeddable":true,"href":"https:\/\/www.capri-matique.com\/client\/aprfae5\/wp-json\/wp\/v2\/tags?post=2802"}],"curies":[{"name":"wp","href":"https:\/\/api.w.org\/{rel}","templated":true}]}}