{"id":2750,"date":"2018-06-05T14:39:48","date_gmt":"2018-06-05T18:39:48","guid":{"rendered":"https:\/\/capri-matique.com\/client\/aprfae5\/?p=2750"},"modified":"2018-06-05T14:39:48","modified_gmt":"2018-06-05T18:39:48","slug":"quebec-annonce-12-milliards-aines","status":"publish","type":"post","link":"https:\/\/www.capri-matique.com\/client\/aprfae5\/quebec-annonce-12-milliards-aines\/","title":{"rendered":"Qu\u00e9bec annonce 12 milliards pour les a\u00een\u00e9s"},"content":{"rendered":"<p style=\"text-align: justify;\"><a href=\"http:\/\/www.lapresse.ca\/actualites\/politique\/politique-quebecoise\/201806\/03\/01-5184321-12-milliards-sur-cinq-ans-pour-les-aines.php\">La Presse<\/a>\u00a0du 4 juin nous informait de l&#8217;annonce d&#8217;un nouveau plan d&#8217;action contenant 85\u00a0mesures pour favoriser le vieillissement actif des Qu\u00e9b\u00e9cois.<\/p>\n<p style=\"text-align: justify;\">\u00c9tablie sur 5 ans, la strat\u00e9gie vise particuli\u00e8rement le maintien \u00e0 domicile des personnes \u00e2g\u00e9es de 65 et plus, car il semble que ce soit l\u00e0 le d\u00e9sir de ce segment de la population. On souhaite \u00e9galement mettre en place des moyens pour favoriser la poursuite de leurs activit\u00e9s au sein de leur communaut\u00e9 ou sur le march\u00e9 du travail.<\/p>\n<p style=\"text-align: justify;\">Le 8 mai dernier, l\u2019IRIS mettait en ligne une vid\u00e9o qui dresse le portrait de notre syst\u00e8me de sant\u00e9 et de services sociaux, plus \u00e9loign\u00e9 que jamais des pr\u00e9occupations des citoyens et des besoins des communaut\u00e9s. Leur microsite fait un r\u00e9sum\u00e9 des diff\u00e9rents probl\u00e8mes de notre syst\u00e8me actuel mais fait aussi \u00e9tat de solutions \u00e0 envisager. Parmi ces solutions, la pr\u00e9vention semble \u00eatre un \u00e9l\u00e9ment cl\u00e9 qui devrait orienter nos politiques publiques.<\/p>\n<p style=\"text-align: justify;\">Est-ce que ce maintien dans une \u00ab\u00a0vie active\u00a0\u00bb, pr\u00e9conis\u00e9 par ce nouveau plan d&#8217;action intitul\u00e9<em>\u00a0Un Qu\u00e9bec pour tous les \u00e2ges<\/em>,\u00a0passera aussi par la pr\u00e9vention en sant\u00e9? Reste \u00e0 voir quelle part, de ces 12 milliards, sera allou\u00e9e \u00e0 la pr\u00e9vention chez nos a\u00een\u00e9s!<\/p>\n<p style=\"text-align: justify;\">En attendant les retomb\u00e9es m\u00e9diatiques de la pr\u00e9sentation de ce Plan, vous pouvez visionner la vid\u00e9o de l\u2019IRIS, histoire d\u2019aiguiser votre sens critique! <a href=\"https:\/\/www.youtube.com\/watch?utm_source=mailchimp&amp;utm_campaign=0300d2c2e1f0&amp;utm_medium=page&amp;v=EXE5x0Kz4mY\" target=\"_blank\" rel=\"noopener\">Cliquez ici!<\/a><\/p>\n","protected":false},"excerpt":{"rendered":"<p>La Presse\u00a0du 4 juin nous informait de l&#8217;annonce d&#8217;un nouveau plan d&#8217;action contenant 85\u00a0mesures pour favoriser le vieillissement actif des Qu\u00e9b\u00e9cois. \u00c9tablie sur 5 ans, la strat\u00e9gie vise particuli\u00e8rement le maintien \u00e0 domicile des personnes \u00e2g\u00e9es de 65 et plus, car il semble que ce soit l\u00e0 le d\u00e9sir de ce segment de la population. &hellip;<\/p>\n","protected":false},"author":2,"featured_media":0,"comment_status":"closed","ping_status":"open","sticky":false,"template":"","format":"standard","meta":{"footnotes":""},"categories":[1],"tags":[],"class_list":["post-2750","post","type-post","status-publish","format-standard","hentry","category-uncategorized"],"yoast_head":"<!-- This site is optimized with the Yoast SEO plugin v17.3 - https:\/\/yoast.com\/wordpress\/plugins\/seo\/ -->\n<title>Qu\u00e9bec annonce 12 milliards pour les a\u00een\u00e9s - Association de personnes retrait\u00e9es de la FAE<\/title>\n<meta name=\"robots\" content=\"noindex, follow, max-snippet:-1, max-image-preview:large, max-video-preview:-1\" \/>\n<meta property=\"og:locale\" content=\"fr_FR\" \/>\n<meta property=\"og:type\" content=\"article\" \/>\n<meta property=\"og:title\" content=\"Qu\u00e9bec annonce 12 milliards pour les a\u00een\u00e9s - Association de personnes retrait\u00e9es de la FAE\" \/>\n<meta property=\"og:description\" content=\"La Presse\u00a0du 4 juin nous informait de l&#8217;annonce d&#8217;un nouveau plan d&#8217;action contenant 85\u00a0mesures pour favoriser le vieillissement actif des Qu\u00e9b\u00e9cois. \u00c9tablie sur 5 ans, la strat\u00e9gie vise particuli\u00e8rement le maintien \u00e0 domicile des personnes \u00e2g\u00e9es de 65 et plus, car il semble que ce soit l\u00e0 le d\u00e9sir de ce segment de la population. &hellip;\" \/>\n<meta property=\"og:url\" content=\"https:\/\/www.capri-matique.com\/client\/aprfae5\/quebec-annonce-12-milliards-aines\/\" \/>\n<meta property=\"og:site_name\" content=\"Association de personnes retrait\u00e9es de la FAE\" \/>\n<meta property=\"article:published_time\" content=\"2018-06-05T18:39:48+00:00\" \/>\n<meta name=\"twitter:card\" content=\"summary\" \/>\n<meta name=\"twitter:label1\" content=\"\u00c9crit par\" \/>\n\t<meta name=\"twitter:data1\" content=\"Chantal Couture\" \/>\n\t<meta name=\"twitter:label2\" content=\"Dur\u00e9e de lecture estim\u00e9e\" \/>\n\t<meta name=\"twitter:data2\" content=\"1 minute\" \/>\n<script type=\"application\/ld+json\" class=\"yoast-schema-graph\">{\"@context\":\"https:\/\/schema.org\",\"@graph\":[{\"@type\":\"WebSite\",\"@id\":\"https:\/\/www.capri-matique.com\/client\/aprfae5\/#website\",\"url\":\"https:\/\/www.capri-matique.com\/client\/aprfae5\/\",\"name\":\"Association de personnes retrait\\u00e9es de la FAE\",\"description\":\"L&#039;association qui nous unit\",\"potentialAction\":[{\"@type\":\"SearchAction\",\"target\":{\"@type\":\"EntryPoint\",\"urlTemplate\":\"https:\/\/www.capri-matique.com\/client\/aprfae5\/?s={search_term_string}\"},\"query-input\":\"required name=search_term_string\"}],\"inLanguage\":\"fr-FR\"},{\"@type\":\"WebPage\",\"@id\":\"https:\/\/www.capri-matique.com\/client\/aprfae5\/quebec-annonce-12-milliards-aines\/#webpage\",\"url\":\"https:\/\/www.capri-matique.com\/client\/aprfae5\/quebec-annonce-12-milliards-aines\/\",\"name\":\"Qu\\u00e9bec annonce 12 milliards pour les a\\u00een\\u00e9s - Association de personnes retrait\\u00e9es de la FAE\",\"isPartOf\":{\"@id\":\"https:\/\/www.capri-matique.com\/client\/aprfae5\/#website\"},\"datePublished\":\"2018-06-05T18:39:48+00:00\",\"dateModified\":\"2018-06-05T18:39:48+00:00\",\"author\":{\"@id\":\"https:\/\/www.capri-matique.com\/client\/aprfae5\/#\/schema\/person\/d49ddfd2ee6ceb42ef2fbcdda1753954\"},\"breadcrumb\":{\"@id\":\"https:\/\/www.capri-matique.com\/client\/aprfae5\/quebec-annonce-12-milliards-aines\/#breadcrumb\"},\"inLanguage\":\"fr-FR\",\"potentialAction\":[{\"@type\":\"ReadAction\",\"target\":[\"https:\/\/www.capri-matique.com\/client\/aprfae5\/quebec-annonce-12-milliards-aines\/\"]}]},{\"@type\":\"BreadcrumbList\",\"@id\":\"https:\/\/www.capri-matique.com\/client\/aprfae5\/quebec-annonce-12-milliards-aines\/#breadcrumb\",\"itemListElement\":[{\"@type\":\"ListItem\",\"position\":1,\"name\":\"Accueil\",\"item\":\"https:\/\/www.capri-matique.com\/client\/aprfae5\/\"},{\"@type\":\"ListItem\",\"position\":2,\"name\":\"Qu\\u00e9bec annonce 12 milliards pour les a\\u00een\\u00e9s\"}]},{\"@type\":\"Person\",\"@id\":\"https:\/\/www.capri-matique.com\/client\/aprfae5\/#\/schema\/person\/d49ddfd2ee6ceb42ef2fbcdda1753954\",\"name\":\"Chantal Couture\",\"url\":\"https:\/\/www.capri-matique.com\/client\/aprfae5\/author\/chantal-couture\/\"}]}<\/script>\n<!-- \/ Yoast SEO plugin. -->","yoast_head_json":{"title":"Qu\u00e9bec annonce 12 milliards pour les a\u00een\u00e9s - Association de personnes retrait\u00e9es de la FAE","robots":{"index":"noindex","follow":"follow","max-snippet":"max-snippet:-1","max-image-preview":"max-image-preview:large","max-video-preview":"max-video-preview:-1"},"og_locale":"fr_FR","og_type":"article","og_title":"Qu\u00e9bec annonce 12 milliards pour les a\u00een\u00e9s - Association de personnes retrait\u00e9es de la FAE","og_description":"La Presse\u00a0du 4 juin nous informait de l&#8217;annonce d&#8217;un nouveau plan d&#8217;action contenant 85\u00a0mesures pour favoriser le vieillissement actif des Qu\u00e9b\u00e9cois. \u00c9tablie sur 5 ans, la strat\u00e9gie vise particuli\u00e8rement le maintien \u00e0 domicile des personnes \u00e2g\u00e9es de 65 et plus, car il semble que ce soit l\u00e0 le d\u00e9sir de ce segment de la population. &hellip;","og_url":"https:\/\/www.capri-matique.com\/client\/aprfae5\/quebec-annonce-12-milliards-aines\/","og_site_name":"Association de personnes retrait\u00e9es de la FAE","article_published_time":"2018-06-05T18:39:48+00:00","twitter_card":"summary","twitter_misc":{"\u00c9crit par":"Chantal Couture","Dur\u00e9e de lecture estim\u00e9e":"1 minute"},"schema":{"@context":"https:\/\/schema.org","@graph":[{"@type":"WebSite","@id":"https:\/\/www.capri-matique.com\/client\/aprfae5\/#website","url":"https:\/\/www.capri-matique.com\/client\/aprfae5\/","name":"Association de personnes retrait\u00e9es de la FAE","description":"L&#039;association qui nous unit","potentialAction":[{"@type":"SearchAction","target":{"@type":"EntryPoint","urlTemplate":"https:\/\/www.capri-matique.com\/client\/aprfae5\/?s={search_term_string}"},"query-input":"required name=search_term_string"}],"inLanguage":"fr-FR"},{"@type":"WebPage","@id":"https:\/\/www.capri-matique.com\/client\/aprfae5\/quebec-annonce-12-milliards-aines\/#webpage","url":"https:\/\/www.capri-matique.com\/client\/aprfae5\/quebec-annonce-12-milliards-aines\/","name":"Qu\u00e9bec annonce 12 milliards pour les a\u00een\u00e9s - Association de personnes retrait\u00e9es de la FAE","isPartOf":{"@id":"https:\/\/www.capri-matique.com\/client\/aprfae5\/#website"},"datePublished":"2018-06-05T18:39:48+00:00","dateModified":"2018-06-05T18:39:48+00:00","author":{"@id":"https:\/\/www.capri-matique.com\/client\/aprfae5\/#\/schema\/person\/d49ddfd2ee6ceb42ef2fbcdda1753954"},"breadcrumb":{"@id":"https:\/\/www.capri-matique.com\/client\/aprfae5\/quebec-annonce-12-milliards-aines\/#breadcrumb"},"inLanguage":"fr-FR","potentialAction":[{"@type":"ReadAction","target":["https:\/\/www.capri-matique.com\/client\/aprfae5\/quebec-annonce-12-milliards-aines\/"]}]},{"@type":"BreadcrumbList","@id":"https:\/\/www.capri-matique.com\/client\/aprfae5\/quebec-annonce-12-milliards-aines\/#breadcrumb","itemListElement":[{"@type":"ListItem","position":1,"name":"Accueil","item":"https:\/\/www.capri-matique.com\/client\/aprfae5\/"},{"@type":"ListItem","position":2,"name":"Qu\u00e9bec annonce 12 milliards pour les a\u00een\u00e9s"}]},{"@type":"Person","@id":"https:\/\/www.capri-matique.com\/client\/aprfae5\/#\/schema\/person\/d49ddfd2ee6ceb42ef2fbcdda1753954","name":"Chantal Couture","url":"https:\/\/www.capri-matique.com\/client\/aprfae5\/author\/chantal-couture\/"}]}},"_links":{"self":[{"href":"https:\/\/www.capri-matique.com\/client\/aprfae5\/wp-json\/wp\/v2\/posts\/2750","targetHints":{"allow":["GET"]}}],"collection":[{"href":"https:\/\/www.capri-matique.com\/client\/aprfae5\/wp-json\/wp\/v2\/posts"}],"about":[{"href":"https:\/\/www.capri-matique.com\/client\/aprfae5\/wp-json\/wp\/v2\/types\/post"}],"author":[{"embeddable":true,"href":"https:\/\/www.capri-matique.com\/client\/aprfae5\/wp-json\/wp\/v2\/users\/2"}],"replies":[{"embeddable":true,"href":"https:\/\/www.capri-matique.com\/client\/aprfae5\/wp-json\/wp\/v2\/comments?post=2750"}],"version-history":[{"count":1,"href":"https:\/\/www.capri-matique.com\/client\/aprfae5\/wp-json\/wp\/v2\/posts\/2750\/revisions"}],"predecessor-version":[{"id":2751,"href":"https:\/\/www.capri-matique.com\/client\/aprfae5\/wp-json\/wp\/v2\/posts\/2750\/revisions\/2751"}],"wp:attachment":[{"href":"https:\/\/www.capri-matique.com\/client\/aprfae5\/wp-json\/wp\/v2\/media?parent=2750"}],"wp:term":[{"taxonomy":"category","embeddable":true,"href":"https:\/\/www.capri-matique.com\/client\/aprfae5\/wp-json\/wp\/v2\/categories?post=2750"},{"taxonomy":"post_tag","embeddable":true,"href":"https:\/\/www.capri-matique.com\/client\/aprfae5\/wp-json\/wp\/v2\/tags?post=2750"}],"curies":[{"name":"wp","href":"https:\/\/api.w.org\/{rel}","templated":true}]}}