{"id":2734,"date":"2018-06-01T16:02:04","date_gmt":"2018-06-01T20:02:04","guid":{"rendered":"https:\/\/capri-matique.com\/client\/aprfae5\/?p=2734"},"modified":"2018-06-01T16:02:04","modified_gmt":"2018-06-01T20:02:04","slug":"contrer-ghettoisation-aines","status":"publish","type":"post","link":"https:\/\/www.capri-matique.com\/client\/aprfae5\/contrer-ghettoisation-aines\/","title":{"rendered":"Pour contrer la ghetto\u00efsation des a\u00een\u00e9s"},"content":{"rendered":"<p style=\"text-align: justify;\"><span style=\"font-family: verdana, geneva, sans-serif;\">Suite aux textes parus cette semaine dans <a href=\"http:\/\/archive.is\/AFHgy#selection-2791.81-2791.154\" target=\"_blank\" rel=\"noopener\">Le Devoir<\/a>, \u00e0 propos du pi\u00e8tre \u00e9tat de certaines maisons de chambres \u00e0 Montr\u00e9al, nous vous sugg\u00e9rons un article proposant des moyens de mettre fin \u00e0 l\u2019isolement des personnes \u00e2g\u00e9es. Bien que les situations d\u00e9crites par Le Devoir ne soient pas le lot de la majorit\u00e9 des a\u00een\u00e9s, plusieurs d&#8217;entre eux doivent se contenter de bien peu et il est tout de m\u00eame souhaitable d\u2019am\u00e9liorer l\u2019acc\u00e8s au logement abordable.<\/span><\/p>\n<p style=\"text-align: justify;\"><span style=\"font-family: verdana, geneva, sans-serif;\">Nos soci\u00e9t\u00e9s pratiquent un certain d\u00e9ni du vieillissement, ce qui conduit \u00e0 une mise \u00e0 l\u2019\u00e9cart des personnes vieillissantes, ph\u00e9nom\u00e8ne appel\u00e9 ici la \u00abghetto\u00efsation\u00a0\u00bb des a\u00een\u00e9s. L\u2019habitation interg\u00e9n\u00e9rationnelle et les coop\u00e9ratives sont des solutions \u00e0 envisager. Une autre avenue, innovatrice, consisterait \u00e0 inciter les promoteurs immobiliers \u00e0 r\u00e9server les premiers \u00e9tages des immeubles neufs pour y installer des unit\u00e9s d\u00e9di\u00e9es aux a\u00een\u00e9s. Une mani\u00e8re d&#8217;encourager la mixit\u00e9.\u00a0\u00a0<\/span><span style=\"font-family: verdana, geneva, sans-serif;\">Pour lire l\u2019article, <a href=\"https:\/\/www.wedemain.fr\/Et-si-on-mettait-une-maison-de-retraite-dans-chaque-immeuble_a3305.html\">c\u2019est ici!<\/a><\/span><\/p>\n","protected":false},"excerpt":{"rendered":"<p>Suite aux textes parus cette semaine dans Le Devoir, \u00e0 propos du pi\u00e8tre \u00e9tat de certaines maisons de chambres \u00e0 Montr\u00e9al, nous vous sugg\u00e9rons un article proposant des moyens de mettre fin \u00e0 l\u2019isolement des personnes \u00e2g\u00e9es. Bien que les situations d\u00e9crites par Le Devoir ne soient pas le lot de la majorit\u00e9 des a\u00een\u00e9s, &hellip;<\/p>\n","protected":false},"author":2,"featured_media":0,"comment_status":"closed","ping_status":"open","sticky":false,"template":"","format":"standard","meta":{"footnotes":""},"categories":[1],"tags":[],"class_list":["post-2734","post","type-post","status-publish","format-standard","hentry","category-uncategorized"],"yoast_head":"<!-- This site is optimized with the Yoast SEO plugin v17.3 - https:\/\/yoast.com\/wordpress\/plugins\/seo\/ -->\n<title>Pour contrer la ghetto\u00efsation des a\u00een\u00e9s - Association de personnes retrait\u00e9es de la FAE<\/title>\n<meta name=\"robots\" content=\"noindex, follow, max-snippet:-1, max-image-preview:large, max-video-preview:-1\" \/>\n<meta property=\"og:locale\" content=\"fr_FR\" \/>\n<meta property=\"og:type\" content=\"article\" \/>\n<meta property=\"og:title\" content=\"Pour contrer la ghetto\u00efsation des a\u00een\u00e9s - Association de personnes retrait\u00e9es de la FAE\" \/>\n<meta property=\"og:description\" content=\"Suite aux textes parus cette semaine dans Le Devoir, \u00e0 propos du pi\u00e8tre \u00e9tat de certaines maisons de chambres \u00e0 Montr\u00e9al, nous vous sugg\u00e9rons un article proposant des moyens de mettre fin \u00e0 l\u2019isolement des personnes \u00e2g\u00e9es. Bien que les situations d\u00e9crites par Le Devoir ne soient pas le lot de la majorit\u00e9 des a\u00een\u00e9s, &hellip;\" \/>\n<meta property=\"og:url\" content=\"https:\/\/www.capri-matique.com\/client\/aprfae5\/contrer-ghettoisation-aines\/\" \/>\n<meta property=\"og:site_name\" content=\"Association de personnes retrait\u00e9es de la FAE\" \/>\n<meta property=\"article:published_time\" content=\"2018-06-01T20:02:04+00:00\" \/>\n<meta name=\"twitter:card\" content=\"summary\" \/>\n<meta name=\"twitter:label1\" content=\"\u00c9crit par\" \/>\n\t<meta name=\"twitter:data1\" content=\"Chantal Couture\" \/>\n\t<meta name=\"twitter:label2\" content=\"Dur\u00e9e de lecture estim\u00e9e\" \/>\n\t<meta name=\"twitter:data2\" content=\"1 minute\" \/>\n<script type=\"application\/ld+json\" class=\"yoast-schema-graph\">{\"@context\":\"https:\/\/schema.org\",\"@graph\":[{\"@type\":\"WebSite\",\"@id\":\"https:\/\/www.capri-matique.com\/client\/aprfae5\/#website\",\"url\":\"https:\/\/www.capri-matique.com\/client\/aprfae5\/\",\"name\":\"Association de personnes retrait\\u00e9es de la FAE\",\"description\":\"L&#039;association qui nous unit\",\"potentialAction\":[{\"@type\":\"SearchAction\",\"target\":{\"@type\":\"EntryPoint\",\"urlTemplate\":\"https:\/\/www.capri-matique.com\/client\/aprfae5\/?s={search_term_string}\"},\"query-input\":\"required name=search_term_string\"}],\"inLanguage\":\"fr-FR\"},{\"@type\":\"WebPage\",\"@id\":\"https:\/\/www.capri-matique.com\/client\/aprfae5\/contrer-ghettoisation-aines\/#webpage\",\"url\":\"https:\/\/www.capri-matique.com\/client\/aprfae5\/contrer-ghettoisation-aines\/\",\"name\":\"Pour contrer la ghetto\\u00efsation des a\\u00een\\u00e9s - Association de personnes retrait\\u00e9es de la FAE\",\"isPartOf\":{\"@id\":\"https:\/\/www.capri-matique.com\/client\/aprfae5\/#website\"},\"datePublished\":\"2018-06-01T20:02:04+00:00\",\"dateModified\":\"2018-06-01T20:02:04+00:00\",\"author\":{\"@id\":\"https:\/\/www.capri-matique.com\/client\/aprfae5\/#\/schema\/person\/d49ddfd2ee6ceb42ef2fbcdda1753954\"},\"breadcrumb\":{\"@id\":\"https:\/\/www.capri-matique.com\/client\/aprfae5\/contrer-ghettoisation-aines\/#breadcrumb\"},\"inLanguage\":\"fr-FR\",\"potentialAction\":[{\"@type\":\"ReadAction\",\"target\":[\"https:\/\/www.capri-matique.com\/client\/aprfae5\/contrer-ghettoisation-aines\/\"]}]},{\"@type\":\"BreadcrumbList\",\"@id\":\"https:\/\/www.capri-matique.com\/client\/aprfae5\/contrer-ghettoisation-aines\/#breadcrumb\",\"itemListElement\":[{\"@type\":\"ListItem\",\"position\":1,\"name\":\"Accueil\",\"item\":\"https:\/\/www.capri-matique.com\/client\/aprfae5\/\"},{\"@type\":\"ListItem\",\"position\":2,\"name\":\"Pour contrer la ghetto\\u00efsation des a\\u00een\\u00e9s\"}]},{\"@type\":\"Person\",\"@id\":\"https:\/\/www.capri-matique.com\/client\/aprfae5\/#\/schema\/person\/d49ddfd2ee6ceb42ef2fbcdda1753954\",\"name\":\"Chantal Couture\",\"url\":\"https:\/\/www.capri-matique.com\/client\/aprfae5\/author\/chantal-couture\/\"}]}<\/script>\n<!-- \/ Yoast SEO plugin. -->","yoast_head_json":{"title":"Pour contrer la ghetto\u00efsation des a\u00een\u00e9s - Association de personnes retrait\u00e9es de la FAE","robots":{"index":"noindex","follow":"follow","max-snippet":"max-snippet:-1","max-image-preview":"max-image-preview:large","max-video-preview":"max-video-preview:-1"},"og_locale":"fr_FR","og_type":"article","og_title":"Pour contrer la ghetto\u00efsation des a\u00een\u00e9s - Association de personnes retrait\u00e9es de la FAE","og_description":"Suite aux textes parus cette semaine dans Le Devoir, \u00e0 propos du pi\u00e8tre \u00e9tat de certaines maisons de chambres \u00e0 Montr\u00e9al, nous vous sugg\u00e9rons un article proposant des moyens de mettre fin \u00e0 l\u2019isolement des personnes \u00e2g\u00e9es. Bien que les situations d\u00e9crites par Le Devoir ne soient pas le lot de la majorit\u00e9 des a\u00een\u00e9s, &hellip;","og_url":"https:\/\/www.capri-matique.com\/client\/aprfae5\/contrer-ghettoisation-aines\/","og_site_name":"Association de personnes retrait\u00e9es de la FAE","article_published_time":"2018-06-01T20:02:04+00:00","twitter_card":"summary","twitter_misc":{"\u00c9crit par":"Chantal Couture","Dur\u00e9e de lecture estim\u00e9e":"1 minute"},"schema":{"@context":"https:\/\/schema.org","@graph":[{"@type":"WebSite","@id":"https:\/\/www.capri-matique.com\/client\/aprfae5\/#website","url":"https:\/\/www.capri-matique.com\/client\/aprfae5\/","name":"Association de personnes retrait\u00e9es de la FAE","description":"L&#039;association qui nous unit","potentialAction":[{"@type":"SearchAction","target":{"@type":"EntryPoint","urlTemplate":"https:\/\/www.capri-matique.com\/client\/aprfae5\/?s={search_term_string}"},"query-input":"required name=search_term_string"}],"inLanguage":"fr-FR"},{"@type":"WebPage","@id":"https:\/\/www.capri-matique.com\/client\/aprfae5\/contrer-ghettoisation-aines\/#webpage","url":"https:\/\/www.capri-matique.com\/client\/aprfae5\/contrer-ghettoisation-aines\/","name":"Pour contrer la ghetto\u00efsation des a\u00een\u00e9s - Association de personnes retrait\u00e9es de la FAE","isPartOf":{"@id":"https:\/\/www.capri-matique.com\/client\/aprfae5\/#website"},"datePublished":"2018-06-01T20:02:04+00:00","dateModified":"2018-06-01T20:02:04+00:00","author":{"@id":"https:\/\/www.capri-matique.com\/client\/aprfae5\/#\/schema\/person\/d49ddfd2ee6ceb42ef2fbcdda1753954"},"breadcrumb":{"@id":"https:\/\/www.capri-matique.com\/client\/aprfae5\/contrer-ghettoisation-aines\/#breadcrumb"},"inLanguage":"fr-FR","potentialAction":[{"@type":"ReadAction","target":["https:\/\/www.capri-matique.com\/client\/aprfae5\/contrer-ghettoisation-aines\/"]}]},{"@type":"BreadcrumbList","@id":"https:\/\/www.capri-matique.com\/client\/aprfae5\/contrer-ghettoisation-aines\/#breadcrumb","itemListElement":[{"@type":"ListItem","position":1,"name":"Accueil","item":"https:\/\/www.capri-matique.com\/client\/aprfae5\/"},{"@type":"ListItem","position":2,"name":"Pour contrer la ghetto\u00efsation des a\u00een\u00e9s"}]},{"@type":"Person","@id":"https:\/\/www.capri-matique.com\/client\/aprfae5\/#\/schema\/person\/d49ddfd2ee6ceb42ef2fbcdda1753954","name":"Chantal Couture","url":"https:\/\/www.capri-matique.com\/client\/aprfae5\/author\/chantal-couture\/"}]}},"_links":{"self":[{"href":"https:\/\/www.capri-matique.com\/client\/aprfae5\/wp-json\/wp\/v2\/posts\/2734","targetHints":{"allow":["GET"]}}],"collection":[{"href":"https:\/\/www.capri-matique.com\/client\/aprfae5\/wp-json\/wp\/v2\/posts"}],"about":[{"href":"https:\/\/www.capri-matique.com\/client\/aprfae5\/wp-json\/wp\/v2\/types\/post"}],"author":[{"embeddable":true,"href":"https:\/\/www.capri-matique.com\/client\/aprfae5\/wp-json\/wp\/v2\/users\/2"}],"replies":[{"embeddable":true,"href":"https:\/\/www.capri-matique.com\/client\/aprfae5\/wp-json\/wp\/v2\/comments?post=2734"}],"version-history":[{"count":1,"href":"https:\/\/www.capri-matique.com\/client\/aprfae5\/wp-json\/wp\/v2\/posts\/2734\/revisions"}],"predecessor-version":[{"id":2735,"href":"https:\/\/www.capri-matique.com\/client\/aprfae5\/wp-json\/wp\/v2\/posts\/2734\/revisions\/2735"}],"wp:attachment":[{"href":"https:\/\/www.capri-matique.com\/client\/aprfae5\/wp-json\/wp\/v2\/media?parent=2734"}],"wp:term":[{"taxonomy":"category","embeddable":true,"href":"https:\/\/www.capri-matique.com\/client\/aprfae5\/wp-json\/wp\/v2\/categories?post=2734"},{"taxonomy":"post_tag","embeddable":true,"href":"https:\/\/www.capri-matique.com\/client\/aprfae5\/wp-json\/wp\/v2\/tags?post=2734"}],"curies":[{"name":"wp","href":"https:\/\/api.w.org\/{rel}","templated":true}]}}