{"id":2728,"date":"2018-06-01T15:42:23","date_gmt":"2018-06-01T19:42:23","guid":{"rendered":"https:\/\/capri-matique.com\/client\/aprfae5\/?p=2728"},"modified":"2018-06-01T15:42:40","modified_gmt":"2018-06-01T19:42:40","slug":"coalition-forum-alternatif-g7","status":"publish","type":"post","link":"https:\/\/www.capri-matique.com\/client\/aprfae5\/coalition-forum-alternatif-g7\/","title":{"rendered":"Coalition pour un Forum alternatif au G7"},"content":{"rendered":"<p style=\"text-align: justify;\"><span style=\"font-family: verdana, geneva, sans-serif;\">Dans un peu moins de 2 semaines, le 9 juin, des groupes citoyens, syndicaux et communautaires exprimeront, de mani\u00e8re unitaire et pacifique, leur refus des politiques qui accentuent les in\u00e9galit\u00e9s et qui mettent en danger la plan\u00e8te. Alors que les m\u00e9dias accordent beaucoup d\u2019attention \u00e0 l\u2019arsenal de s\u00e9curit\u00e9 d\u00e9ploy\u00e9 pour contr\u00f4ler et d\u00e9courager les mobilisations, la population est invit\u00e9e \u00e0 prendre la rue pour s\u2019opposer aux politiques des dirigeants des sept pays les plus riches du monde.<\/span><\/p>\n<p style=\"text-align: justify;\"><span style=\"font-family: verdana, geneva, sans-serif;\">Des enjeux \u00e9cologistes, l&#8217;\u00e9galit\u00e9 homme-femme, les in\u00e9galit\u00e9s sociales, les paradis fiscaux, le racisme syst\u00e9mique et l&#8217;autod\u00e9termination des peuples autochtones seront au c\u0153ur des discours de la Coalition pour un forum alternatif au G7.<\/span><\/p>\n<p style=\"text-align: justify;\"><span style=\"font-family: verdana, geneva, sans-serif;\">L\u2019APRFAE appuie cette Coalition. Du co-voiturage gratuit est organis\u00e9 \u00e0 partir de Montr\u00e9al. Pour vous inscrire, <a href=\"https:\/\/docs.google.com\/forms\/d\/e\/1FAIpQLSeL7zUTPe4dc4ProPvei2PWMN9yRFhwn5NB30MP4a_UZPc_tA\/viewform\">cliquez ici.<\/a><\/span><\/p>\n","protected":false},"excerpt":{"rendered":"<p>Dans un peu moins de 2 semaines, le 9 juin, des groupes citoyens, syndicaux et communautaires exprimeront, de mani\u00e8re unitaire et pacifique, leur refus des politiques qui accentuent les in\u00e9galit\u00e9s et qui mettent en danger la plan\u00e8te. Alors que les m\u00e9dias accordent beaucoup d\u2019attention \u00e0 l\u2019arsenal de s\u00e9curit\u00e9 d\u00e9ploy\u00e9 pour contr\u00f4ler et d\u00e9courager les mobilisations, &hellip;<\/p>\n","protected":false},"author":2,"featured_media":0,"comment_status":"closed","ping_status":"open","sticky":false,"template":"","format":"standard","meta":{"footnotes":""},"categories":[1],"tags":[],"class_list":["post-2728","post","type-post","status-publish","format-standard","hentry","category-uncategorized"],"yoast_head":"<!-- This site is optimized with the Yoast SEO plugin v17.3 - https:\/\/yoast.com\/wordpress\/plugins\/seo\/ -->\n<title>Coalition pour un Forum alternatif au G7 - Association de personnes retrait\u00e9es de la FAE<\/title>\n<meta name=\"robots\" content=\"noindex, follow, max-snippet:-1, max-image-preview:large, max-video-preview:-1\" \/>\n<meta property=\"og:locale\" content=\"fr_FR\" \/>\n<meta property=\"og:type\" content=\"article\" \/>\n<meta property=\"og:title\" content=\"Coalition pour un Forum alternatif au G7 - Association de personnes retrait\u00e9es de la FAE\" \/>\n<meta property=\"og:description\" content=\"Dans un peu moins de 2 semaines, le 9 juin, des groupes citoyens, syndicaux et communautaires exprimeront, de mani\u00e8re unitaire et pacifique, leur refus des politiques qui accentuent les in\u00e9galit\u00e9s et qui mettent en danger la plan\u00e8te. Alors que les m\u00e9dias accordent beaucoup d\u2019attention \u00e0 l\u2019arsenal de s\u00e9curit\u00e9 d\u00e9ploy\u00e9 pour contr\u00f4ler et d\u00e9courager les mobilisations, &hellip;\" \/>\n<meta property=\"og:url\" content=\"https:\/\/www.capri-matique.com\/client\/aprfae5\/coalition-forum-alternatif-g7\/\" \/>\n<meta property=\"og:site_name\" content=\"Association de personnes retrait\u00e9es de la FAE\" \/>\n<meta property=\"article:published_time\" content=\"2018-06-01T19:42:23+00:00\" \/>\n<meta property=\"article:modified_time\" content=\"2018-06-01T19:42:40+00:00\" \/>\n<meta name=\"twitter:card\" content=\"summary\" \/>\n<meta name=\"twitter:label1\" content=\"\u00c9crit par\" \/>\n\t<meta name=\"twitter:data1\" content=\"Chantal Couture\" \/>\n\t<meta name=\"twitter:label2\" content=\"Dur\u00e9e de lecture estim\u00e9e\" \/>\n\t<meta name=\"twitter:data2\" content=\"1 minute\" \/>\n<script type=\"application\/ld+json\" class=\"yoast-schema-graph\">{\"@context\":\"https:\/\/schema.org\",\"@graph\":[{\"@type\":\"WebSite\",\"@id\":\"https:\/\/www.capri-matique.com\/client\/aprfae5\/#website\",\"url\":\"https:\/\/www.capri-matique.com\/client\/aprfae5\/\",\"name\":\"Association de personnes retrait\\u00e9es de la FAE\",\"description\":\"L&#039;association qui nous unit\",\"potentialAction\":[{\"@type\":\"SearchAction\",\"target\":{\"@type\":\"EntryPoint\",\"urlTemplate\":\"https:\/\/www.capri-matique.com\/client\/aprfae5\/?s={search_term_string}\"},\"query-input\":\"required name=search_term_string\"}],\"inLanguage\":\"fr-FR\"},{\"@type\":\"WebPage\",\"@id\":\"https:\/\/www.capri-matique.com\/client\/aprfae5\/coalition-forum-alternatif-g7\/#webpage\",\"url\":\"https:\/\/www.capri-matique.com\/client\/aprfae5\/coalition-forum-alternatif-g7\/\",\"name\":\"Coalition pour un Forum alternatif au G7 - Association de personnes retrait\\u00e9es de la FAE\",\"isPartOf\":{\"@id\":\"https:\/\/www.capri-matique.com\/client\/aprfae5\/#website\"},\"datePublished\":\"2018-06-01T19:42:23+00:00\",\"dateModified\":\"2018-06-01T19:42:40+00:00\",\"author\":{\"@id\":\"https:\/\/www.capri-matique.com\/client\/aprfae5\/#\/schema\/person\/d49ddfd2ee6ceb42ef2fbcdda1753954\"},\"breadcrumb\":{\"@id\":\"https:\/\/www.capri-matique.com\/client\/aprfae5\/coalition-forum-alternatif-g7\/#breadcrumb\"},\"inLanguage\":\"fr-FR\",\"potentialAction\":[{\"@type\":\"ReadAction\",\"target\":[\"https:\/\/www.capri-matique.com\/client\/aprfae5\/coalition-forum-alternatif-g7\/\"]}]},{\"@type\":\"BreadcrumbList\",\"@id\":\"https:\/\/www.capri-matique.com\/client\/aprfae5\/coalition-forum-alternatif-g7\/#breadcrumb\",\"itemListElement\":[{\"@type\":\"ListItem\",\"position\":1,\"name\":\"Accueil\",\"item\":\"https:\/\/www.capri-matique.com\/client\/aprfae5\/\"},{\"@type\":\"ListItem\",\"position\":2,\"name\":\"Coalition pour un Forum alternatif au G7\"}]},{\"@type\":\"Person\",\"@id\":\"https:\/\/www.capri-matique.com\/client\/aprfae5\/#\/schema\/person\/d49ddfd2ee6ceb42ef2fbcdda1753954\",\"name\":\"Chantal Couture\",\"url\":\"https:\/\/www.capri-matique.com\/client\/aprfae5\/author\/chantal-couture\/\"}]}<\/script>\n<!-- \/ Yoast SEO plugin. -->","yoast_head_json":{"title":"Coalition pour un Forum alternatif au G7 - Association de personnes retrait\u00e9es de la FAE","robots":{"index":"noindex","follow":"follow","max-snippet":"max-snippet:-1","max-image-preview":"max-image-preview:large","max-video-preview":"max-video-preview:-1"},"og_locale":"fr_FR","og_type":"article","og_title":"Coalition pour un Forum alternatif au G7 - Association de personnes retrait\u00e9es de la FAE","og_description":"Dans un peu moins de 2 semaines, le 9 juin, des groupes citoyens, syndicaux et communautaires exprimeront, de mani\u00e8re unitaire et pacifique, leur refus des politiques qui accentuent les in\u00e9galit\u00e9s et qui mettent en danger la plan\u00e8te. Alors que les m\u00e9dias accordent beaucoup d\u2019attention \u00e0 l\u2019arsenal de s\u00e9curit\u00e9 d\u00e9ploy\u00e9 pour contr\u00f4ler et d\u00e9courager les mobilisations, &hellip;","og_url":"https:\/\/www.capri-matique.com\/client\/aprfae5\/coalition-forum-alternatif-g7\/","og_site_name":"Association de personnes retrait\u00e9es de la FAE","article_published_time":"2018-06-01T19:42:23+00:00","article_modified_time":"2018-06-01T19:42:40+00:00","twitter_card":"summary","twitter_misc":{"\u00c9crit par":"Chantal Couture","Dur\u00e9e de lecture estim\u00e9e":"1 minute"},"schema":{"@context":"https:\/\/schema.org","@graph":[{"@type":"WebSite","@id":"https:\/\/www.capri-matique.com\/client\/aprfae5\/#website","url":"https:\/\/www.capri-matique.com\/client\/aprfae5\/","name":"Association de personnes retrait\u00e9es de la FAE","description":"L&#039;association qui nous unit","potentialAction":[{"@type":"SearchAction","target":{"@type":"EntryPoint","urlTemplate":"https:\/\/www.capri-matique.com\/client\/aprfae5\/?s={search_term_string}"},"query-input":"required name=search_term_string"}],"inLanguage":"fr-FR"},{"@type":"WebPage","@id":"https:\/\/www.capri-matique.com\/client\/aprfae5\/coalition-forum-alternatif-g7\/#webpage","url":"https:\/\/www.capri-matique.com\/client\/aprfae5\/coalition-forum-alternatif-g7\/","name":"Coalition pour un Forum alternatif au G7 - Association de personnes retrait\u00e9es de la FAE","isPartOf":{"@id":"https:\/\/www.capri-matique.com\/client\/aprfae5\/#website"},"datePublished":"2018-06-01T19:42:23+00:00","dateModified":"2018-06-01T19:42:40+00:00","author":{"@id":"https:\/\/www.capri-matique.com\/client\/aprfae5\/#\/schema\/person\/d49ddfd2ee6ceb42ef2fbcdda1753954"},"breadcrumb":{"@id":"https:\/\/www.capri-matique.com\/client\/aprfae5\/coalition-forum-alternatif-g7\/#breadcrumb"},"inLanguage":"fr-FR","potentialAction":[{"@type":"ReadAction","target":["https:\/\/www.capri-matique.com\/client\/aprfae5\/coalition-forum-alternatif-g7\/"]}]},{"@type":"BreadcrumbList","@id":"https:\/\/www.capri-matique.com\/client\/aprfae5\/coalition-forum-alternatif-g7\/#breadcrumb","itemListElement":[{"@type":"ListItem","position":1,"name":"Accueil","item":"https:\/\/www.capri-matique.com\/client\/aprfae5\/"},{"@type":"ListItem","position":2,"name":"Coalition pour un Forum alternatif au G7"}]},{"@type":"Person","@id":"https:\/\/www.capri-matique.com\/client\/aprfae5\/#\/schema\/person\/d49ddfd2ee6ceb42ef2fbcdda1753954","name":"Chantal Couture","url":"https:\/\/www.capri-matique.com\/client\/aprfae5\/author\/chantal-couture\/"}]}},"_links":{"self":[{"href":"https:\/\/www.capri-matique.com\/client\/aprfae5\/wp-json\/wp\/v2\/posts\/2728","targetHints":{"allow":["GET"]}}],"collection":[{"href":"https:\/\/www.capri-matique.com\/client\/aprfae5\/wp-json\/wp\/v2\/posts"}],"about":[{"href":"https:\/\/www.capri-matique.com\/client\/aprfae5\/wp-json\/wp\/v2\/types\/post"}],"author":[{"embeddable":true,"href":"https:\/\/www.capri-matique.com\/client\/aprfae5\/wp-json\/wp\/v2\/users\/2"}],"replies":[{"embeddable":true,"href":"https:\/\/www.capri-matique.com\/client\/aprfae5\/wp-json\/wp\/v2\/comments?post=2728"}],"version-history":[{"count":1,"href":"https:\/\/www.capri-matique.com\/client\/aprfae5\/wp-json\/wp\/v2\/posts\/2728\/revisions"}],"predecessor-version":[{"id":2729,"href":"https:\/\/www.capri-matique.com\/client\/aprfae5\/wp-json\/wp\/v2\/posts\/2728\/revisions\/2729"}],"wp:attachment":[{"href":"https:\/\/www.capri-matique.com\/client\/aprfae5\/wp-json\/wp\/v2\/media?parent=2728"}],"wp:term":[{"taxonomy":"category","embeddable":true,"href":"https:\/\/www.capri-matique.com\/client\/aprfae5\/wp-json\/wp\/v2\/categories?post=2728"},{"taxonomy":"post_tag","embeddable":true,"href":"https:\/\/www.capri-matique.com\/client\/aprfae5\/wp-json\/wp\/v2\/tags?post=2728"}],"curies":[{"name":"wp","href":"https:\/\/api.w.org\/{rel}","templated":true}]}}