{"id":2553,"date":"2018-04-25T09:34:10","date_gmt":"2018-04-25T13:34:10","guid":{"rendered":"https:\/\/capri-matique.com\/client\/aprfae5\/?p=2553"},"modified":"2018-04-25T09:34:10","modified_gmt":"2018-04-25T13:34:10","slug":"fete-internationale-travailleuses-travailleurs","status":"publish","type":"post","link":"https:\/\/www.capri-matique.com\/client\/aprfae5\/fete-internationale-travailleuses-travailleurs\/","title":{"rendered":"F\u00eate internationale des travailleuses et des travailleurs"},"content":{"rendered":"<p>C\u2019est sur le th\u00e8me\u00a0<em>Prendre le parti des travailleurs et travailleuses<\/em> que sera soulign\u00e9e la <strong>F\u00eate internationale des travailleuses et des travailleurs<\/strong> cette ann\u00e9e.<\/p>\n<p><strong>Le 28 avril prochain<\/strong>, c\u2019est autour de 5 revendications que s\u2019articulera la manifestation nationale de cette ann\u00e9e: salaire minimum \u00e0 15$ l\u2019heure; le\u00a0r\u00e9investissement dans les services publics et les programmes sociaux et mise en place de mesures concr\u00e8tes pour mettre fin aux surcharges de travail; la\u00a0conciliation travail-famille-\u00e9tudes; la lutte contre les paradis fiscaux; et la transition juste. <a href=\"https:\/\/ftq.qc.ca\/revendications-1er-mai-2018\/\">En savoir plus sur les revendications.<\/a><\/p>\n<p>Le d\u00e9part de la marche aura lieu \u00e0 13h au\u00a0<strong>Parc olympique (coin Pierre-De Coubertin et Pie-IX \/ Station Pie-IX)<\/strong>.\u00a0Le transport\u00a0par autobus ou\u00a0covoiturage est disponible dans chacune des r\u00e9gions de l&#8217;APRFAE. Pour toute information compl\u00e9mentaire, vous pouvez t\u00e9l\u00e9phoner \u00e0 l&#8217;Association ou surveiller notre page Facebook!<\/p>\n","protected":false},"excerpt":{"rendered":"<p>C\u2019est sur le th\u00e8me\u00a0Prendre le parti des travailleurs et travailleuses que sera soulign\u00e9e la F\u00eate internationale des travailleuses et des travailleurs cette ann\u00e9e. Le 28 avril prochain, c\u2019est autour de 5 revendications que s\u2019articulera la manifestation nationale de cette ann\u00e9e: salaire minimum \u00e0 15$ l\u2019heure; le\u00a0r\u00e9investissement dans les services publics et les programmes sociaux et &hellip;<\/p>\n","protected":false},"author":2,"featured_media":0,"comment_status":"closed","ping_status":"open","sticky":false,"template":"","format":"standard","meta":{"footnotes":""},"categories":[1],"tags":[],"class_list":["post-2553","post","type-post","status-publish","format-standard","hentry","category-uncategorized"],"yoast_head":"<!-- This site is optimized with the Yoast SEO plugin v17.3 - https:\/\/yoast.com\/wordpress\/plugins\/seo\/ -->\n<title>F\u00eate internationale des travailleuses et des travailleurs - Association de personnes retrait\u00e9es de la FAE<\/title>\n<meta name=\"robots\" content=\"noindex, follow, max-snippet:-1, max-image-preview:large, max-video-preview:-1\" \/>\n<meta property=\"og:locale\" content=\"fr_FR\" \/>\n<meta property=\"og:type\" content=\"article\" \/>\n<meta property=\"og:title\" content=\"F\u00eate internationale des travailleuses et des travailleurs - Association de personnes retrait\u00e9es de la FAE\" \/>\n<meta property=\"og:description\" content=\"C\u2019est sur le th\u00e8me\u00a0Prendre le parti des travailleurs et travailleuses que sera soulign\u00e9e la F\u00eate internationale des travailleuses et des travailleurs cette ann\u00e9e. Le 28 avril prochain, c\u2019est autour de 5 revendications que s\u2019articulera la manifestation nationale de cette ann\u00e9e: salaire minimum \u00e0 15$ l\u2019heure; le\u00a0r\u00e9investissement dans les services publics et les programmes sociaux et &hellip;\" \/>\n<meta property=\"og:url\" content=\"https:\/\/www.capri-matique.com\/client\/aprfae5\/fete-internationale-travailleuses-travailleurs\/\" \/>\n<meta property=\"og:site_name\" content=\"Association de personnes retrait\u00e9es de la FAE\" \/>\n<meta property=\"article:published_time\" content=\"2018-04-25T13:34:10+00:00\" \/>\n<meta name=\"twitter:card\" content=\"summary\" \/>\n<meta name=\"twitter:label1\" content=\"\u00c9crit par\" \/>\n\t<meta name=\"twitter:data1\" content=\"Chantal Couture\" \/>\n\t<meta name=\"twitter:label2\" content=\"Dur\u00e9e de lecture estim\u00e9e\" \/>\n\t<meta name=\"twitter:data2\" content=\"1 minute\" \/>\n<script type=\"application\/ld+json\" class=\"yoast-schema-graph\">{\"@context\":\"https:\/\/schema.org\",\"@graph\":[{\"@type\":\"WebSite\",\"@id\":\"https:\/\/www.capri-matique.com\/client\/aprfae5\/#website\",\"url\":\"https:\/\/www.capri-matique.com\/client\/aprfae5\/\",\"name\":\"Association de personnes retrait\\u00e9es de la FAE\",\"description\":\"L&#039;association qui nous unit\",\"potentialAction\":[{\"@type\":\"SearchAction\",\"target\":{\"@type\":\"EntryPoint\",\"urlTemplate\":\"https:\/\/www.capri-matique.com\/client\/aprfae5\/?s={search_term_string}\"},\"query-input\":\"required name=search_term_string\"}],\"inLanguage\":\"fr-FR\"},{\"@type\":\"WebPage\",\"@id\":\"https:\/\/www.capri-matique.com\/client\/aprfae5\/fete-internationale-travailleuses-travailleurs\/#webpage\",\"url\":\"https:\/\/www.capri-matique.com\/client\/aprfae5\/fete-internationale-travailleuses-travailleurs\/\",\"name\":\"F\\u00eate internationale des travailleuses et des travailleurs - Association de personnes retrait\\u00e9es de la FAE\",\"isPartOf\":{\"@id\":\"https:\/\/www.capri-matique.com\/client\/aprfae5\/#website\"},\"datePublished\":\"2018-04-25T13:34:10+00:00\",\"dateModified\":\"2018-04-25T13:34:10+00:00\",\"author\":{\"@id\":\"https:\/\/www.capri-matique.com\/client\/aprfae5\/#\/schema\/person\/d49ddfd2ee6ceb42ef2fbcdda1753954\"},\"breadcrumb\":{\"@id\":\"https:\/\/www.capri-matique.com\/client\/aprfae5\/fete-internationale-travailleuses-travailleurs\/#breadcrumb\"},\"inLanguage\":\"fr-FR\",\"potentialAction\":[{\"@type\":\"ReadAction\",\"target\":[\"https:\/\/www.capri-matique.com\/client\/aprfae5\/fete-internationale-travailleuses-travailleurs\/\"]}]},{\"@type\":\"BreadcrumbList\",\"@id\":\"https:\/\/www.capri-matique.com\/client\/aprfae5\/fete-internationale-travailleuses-travailleurs\/#breadcrumb\",\"itemListElement\":[{\"@type\":\"ListItem\",\"position\":1,\"name\":\"Accueil\",\"item\":\"https:\/\/www.capri-matique.com\/client\/aprfae5\/\"},{\"@type\":\"ListItem\",\"position\":2,\"name\":\"F\\u00eate internationale des travailleuses et des travailleurs\"}]},{\"@type\":\"Person\",\"@id\":\"https:\/\/www.capri-matique.com\/client\/aprfae5\/#\/schema\/person\/d49ddfd2ee6ceb42ef2fbcdda1753954\",\"name\":\"Chantal Couture\",\"url\":\"https:\/\/www.capri-matique.com\/client\/aprfae5\/author\/chantal-couture\/\"}]}<\/script>\n<!-- \/ Yoast SEO plugin. -->","yoast_head_json":{"title":"F\u00eate internationale des travailleuses et des travailleurs - Association de personnes retrait\u00e9es de la FAE","robots":{"index":"noindex","follow":"follow","max-snippet":"max-snippet:-1","max-image-preview":"max-image-preview:large","max-video-preview":"max-video-preview:-1"},"og_locale":"fr_FR","og_type":"article","og_title":"F\u00eate internationale des travailleuses et des travailleurs - Association de personnes retrait\u00e9es de la FAE","og_description":"C\u2019est sur le th\u00e8me\u00a0Prendre le parti des travailleurs et travailleuses que sera soulign\u00e9e la F\u00eate internationale des travailleuses et des travailleurs cette ann\u00e9e. Le 28 avril prochain, c\u2019est autour de 5 revendications que s\u2019articulera la manifestation nationale de cette ann\u00e9e: salaire minimum \u00e0 15$ l\u2019heure; le\u00a0r\u00e9investissement dans les services publics et les programmes sociaux et &hellip;","og_url":"https:\/\/www.capri-matique.com\/client\/aprfae5\/fete-internationale-travailleuses-travailleurs\/","og_site_name":"Association de personnes retrait\u00e9es de la FAE","article_published_time":"2018-04-25T13:34:10+00:00","twitter_card":"summary","twitter_misc":{"\u00c9crit par":"Chantal Couture","Dur\u00e9e de lecture estim\u00e9e":"1 minute"},"schema":{"@context":"https:\/\/schema.org","@graph":[{"@type":"WebSite","@id":"https:\/\/www.capri-matique.com\/client\/aprfae5\/#website","url":"https:\/\/www.capri-matique.com\/client\/aprfae5\/","name":"Association de personnes retrait\u00e9es de la FAE","description":"L&#039;association qui nous unit","potentialAction":[{"@type":"SearchAction","target":{"@type":"EntryPoint","urlTemplate":"https:\/\/www.capri-matique.com\/client\/aprfae5\/?s={search_term_string}"},"query-input":"required name=search_term_string"}],"inLanguage":"fr-FR"},{"@type":"WebPage","@id":"https:\/\/www.capri-matique.com\/client\/aprfae5\/fete-internationale-travailleuses-travailleurs\/#webpage","url":"https:\/\/www.capri-matique.com\/client\/aprfae5\/fete-internationale-travailleuses-travailleurs\/","name":"F\u00eate internationale des travailleuses et des travailleurs - Association de personnes retrait\u00e9es de la FAE","isPartOf":{"@id":"https:\/\/www.capri-matique.com\/client\/aprfae5\/#website"},"datePublished":"2018-04-25T13:34:10+00:00","dateModified":"2018-04-25T13:34:10+00:00","author":{"@id":"https:\/\/www.capri-matique.com\/client\/aprfae5\/#\/schema\/person\/d49ddfd2ee6ceb42ef2fbcdda1753954"},"breadcrumb":{"@id":"https:\/\/www.capri-matique.com\/client\/aprfae5\/fete-internationale-travailleuses-travailleurs\/#breadcrumb"},"inLanguage":"fr-FR","potentialAction":[{"@type":"ReadAction","target":["https:\/\/www.capri-matique.com\/client\/aprfae5\/fete-internationale-travailleuses-travailleurs\/"]}]},{"@type":"BreadcrumbList","@id":"https:\/\/www.capri-matique.com\/client\/aprfae5\/fete-internationale-travailleuses-travailleurs\/#breadcrumb","itemListElement":[{"@type":"ListItem","position":1,"name":"Accueil","item":"https:\/\/www.capri-matique.com\/client\/aprfae5\/"},{"@type":"ListItem","position":2,"name":"F\u00eate internationale des travailleuses et des travailleurs"}]},{"@type":"Person","@id":"https:\/\/www.capri-matique.com\/client\/aprfae5\/#\/schema\/person\/d49ddfd2ee6ceb42ef2fbcdda1753954","name":"Chantal Couture","url":"https:\/\/www.capri-matique.com\/client\/aprfae5\/author\/chantal-couture\/"}]}},"_links":{"self":[{"href":"https:\/\/www.capri-matique.com\/client\/aprfae5\/wp-json\/wp\/v2\/posts\/2553","targetHints":{"allow":["GET"]}}],"collection":[{"href":"https:\/\/www.capri-matique.com\/client\/aprfae5\/wp-json\/wp\/v2\/posts"}],"about":[{"href":"https:\/\/www.capri-matique.com\/client\/aprfae5\/wp-json\/wp\/v2\/types\/post"}],"author":[{"embeddable":true,"href":"https:\/\/www.capri-matique.com\/client\/aprfae5\/wp-json\/wp\/v2\/users\/2"}],"replies":[{"embeddable":true,"href":"https:\/\/www.capri-matique.com\/client\/aprfae5\/wp-json\/wp\/v2\/comments?post=2553"}],"version-history":[{"count":1,"href":"https:\/\/www.capri-matique.com\/client\/aprfae5\/wp-json\/wp\/v2\/posts\/2553\/revisions"}],"predecessor-version":[{"id":2554,"href":"https:\/\/www.capri-matique.com\/client\/aprfae5\/wp-json\/wp\/v2\/posts\/2553\/revisions\/2554"}],"wp:attachment":[{"href":"https:\/\/www.capri-matique.com\/client\/aprfae5\/wp-json\/wp\/v2\/media?parent=2553"}],"wp:term":[{"taxonomy":"category","embeddable":true,"href":"https:\/\/www.capri-matique.com\/client\/aprfae5\/wp-json\/wp\/v2\/categories?post=2553"},{"taxonomy":"post_tag","embeddable":true,"href":"https:\/\/www.capri-matique.com\/client\/aprfae5\/wp-json\/wp\/v2\/tags?post=2553"}],"curies":[{"name":"wp","href":"https:\/\/api.w.org\/{rel}","templated":true}]}}